{"id":812,"date":"2019-09-16T12:45:09","date_gmt":"2019-09-16T15:45:09","guid":{"rendered":"http:\/\/interagere.com.br\/site\/?p=812"},"modified":"2021-02-26T19:36:04","modified_gmt":"2021-02-26T22:36:04","slug":"para-sua-empresa-destacar-se-especialistas","status":"publish","type":"post","link":"https:\/\/interagere.com.br\/site\/para-sua-empresa-destacar-se-especialistas\/","title":{"rendered":"Para sua empresa destacar-se: ESPECIALISTAS"},"content":{"rendered":"<div class=\"page\" title=\"Page 1\">\n<div class=\"layoutArea\">\n<div class=\"column\">\n<h2 style=\"text-align: center;\">Para sua empresa destacar-se: ESPECIALISTAS<\/h2>\n<div class=\"page\" title=\"Page 1\">\n<div class=\"layoutArea\">\n<div class=\"column\">\n<p><a href=\"http:\/\/interagere.com.br\/site\/wp-content\/uploads\/2017\/10\/especialista.png\"><img fetchpriority=\"high\" decoding=\"async\" class=\"  wp-image-813 alignleft\" src=\"http:\/\/interagere.com.br\/site\/wp-content\/uploads\/2017\/10\/especialista-300x233.png\" alt=\"especialista\" width=\"307\" height=\"239\" srcset=\"https:\/\/interagere.com.br\/site\/wp-content\/uploads\/2017\/10\/especialista-300x233.png 300w, https:\/\/interagere.com.br\/site\/wp-content\/uploads\/2017\/10\/especialista.png 376w\" sizes=\"(max-width: 307px) 100vw, 307px\" \/><\/a>Tendo e fazendo o mesmo que os outros, sua empresa ir\u00e1 destacar-se, fortalecer e perenizar?<\/p>\n<p>As solu\u00e7\u00f5es tradicionais de mercado, foram motivo de alavancagem significativa de outras empresas?<\/p>\n<p>E ser\u00e1 suficiente para alavancar a sua?<br \/>\nComo j\u00e1 foi dito: <strong>&#8220;Insanidade \u00e9 fazer a mesma coisa e querer obter um resultado diferente\u201d(sic)<\/strong><\/p>\n<p>Ent\u00e3o o que pode ser buscado e feito de diferente para levar sua empresa \u00e0 supera\u00e7\u00e3o e aos melhores resultados que a grande maioria e que seus concorrentes?<\/p>\n<p>Um dos elementos chave, sem d\u00favida, s\u00e3o parceiros e\u00a0a equipe envolvida nas metas, projetos e a\u00e7\u00f5es em sua empresa.<\/p>\n<p>E numa equipe focada, uma ou mais pessoas com capacidades, compet\u00eancias e recursos diferenciados, em geral, ir\u00e1 causar significativa diferen\u00e7a para os resultados.<\/p>\n<p>A essa(s) pessoa(s), podemos chamar de diferentes nomes e, em especial, \u00e9 tratado nesse artigo como: Especialista.<\/p>\n<p>N\u00e3o trata-se de ter todos do\u00a0time de mudan\u00e7as e melhorias com esse n\u00edvel de capacita\u00e7\u00e3o! Mas de ter ao menos, alguns com forma\u00e7\u00e3o e qualifica\u00e7\u00e3o Premium diferenciada.<\/p>\n<p>\u00c9 preciso haver um espalhamento de n\u00edveis, desde o iniciante, passando pelos iniciados, at\u00e9 se chegar ao(s) Especialista(s) na equipe.<\/p>\n<p>Por\u00e9m: o desempenho, a velocidade, a qualidade, a profundidade e a sustenta\u00e7\u00e3o de toda a equipe, dependem diretamente da influ\u00eancia desse(a) Especialista.<\/p>\n<div class=\"page\" title=\"Page 1\">\n<div class=\"layoutArea\">\n<div class=\"column\">\n<p><strong><a href=\"http:\/\/interagere.com.br\/site\/wp-content\/uploads\/2015\/08\/Casa-Interagere-LN.png\"><img decoding=\"async\" class=\"alignleft  wp-image-761\" src=\"http:\/\/interagere.com.br\/site\/wp-content\/uploads\/2015\/08\/Casa-Interagere-LN-300x300.png\" alt=\"Casa Interagere LN\" width=\"273\" height=\"273\" srcset=\"https:\/\/interagere.com.br\/site\/wp-content\/uploads\/2015\/08\/Casa-Interagere-LN-300x300.png 300w, https:\/\/interagere.com.br\/site\/wp-content\/uploads\/2015\/08\/Casa-Interagere-LN-150x150.png 150w, https:\/\/interagere.com.br\/site\/wp-content\/uploads\/2015\/08\/Casa-Interagere-LN.png 402w\" sizes=\"(max-width: 273px) 100vw, 273px\" \/><\/a>Mas, como definir um &#8220;Especialista\u201d?<\/strong><\/p>\n<p><strong>a) Talvez:<\/strong> <span style=\"text-decoration: underline;\">o tempo dedicado ao treinamento?<\/span><\/p>\n<p>Qual o tempo m\u00ednimo, razo\u00e1vel ou necess\u00e1rio?<\/p>\n<p>\u00c9 realmente poss\u00edvel formar ESPECIALISTA em algumas horas, em 4 a 8 dias ou poucos finais-de-semana?<\/p>\n<p>H\u00e1 diferentes ofertas no mercado, v\u00e1 em frente!<\/p>\n<p>O n\u00edvel intermedi\u00e1rio de capacita\u00e7\u00e3o \u00e9 sem d\u00favida, \u00fatil e necess\u00e1rio para o espalhamento do conhecimento nas equipes.<\/p>\n<p>Mas \u00e9 suficiente para tornar um profissional realmente &#8220;Especialista&#8221;?<\/p>\n<p>Com 2, 5 ou 10 anos de experi\u00eancia ent\u00e3o, ele(a) ser\u00e1 o que? Um semideus?<\/p>\n<div class=\"page\" title=\"Page 2\">\n<div class=\"layoutArea\">\n<div class=\"column\">\n<p><strong>b) Talvez, ent\u00e3o:<\/strong> <span style=\"text-decoration: underline;\">o tempo de atividade monitorada e sob acompanhamento<\/span>?<\/p>\n<p>Quanto \u00e9 esperado de coach e mentoria para a sedimenta\u00e7\u00e3o do conhecimento em um aprendiz?<\/p>\n<p>Treinamentos te\u00f3ricos, pr\u00e1ticas de jogos, simula\u00e7\u00f5es digitais s\u00e3o suficientes para a forma\u00e7\u00e3o e capacita\u00e7\u00e3o do seu Especialista mesmo?<\/p>\n<p>Que bom! Tamb\u00e9m h\u00e1 diferentes ofertas no mercado, v\u00e1 em frente!<\/p>\n<p>Essa solu\u00e7\u00e3o pode ser bastante interessante para a forma\u00e7\u00e3o de integrantes das equipes.<\/p>\n<p>Mas, voc\u00ea ir\u00e1 entregar o comando de mudan\u00e7as e de uma jornada de toda a equipe de uma \u00e1rea ou empresa \u00e0 um \u201cpiloto\u201d ou &#8220;cirurgi\u00e3o&#8221; que praticou em simula\u00e7\u00f5es?<\/p>\n<p>Ou ir\u00e1 contar que, com a pr\u00e1tica e a t\u00e9cnica do &#8220;Erro e Acerto\u201d em pequenas \u00e1reas, com seu tempo e seus recursos, ele adquira suficiente pr\u00e1tica e siga ent\u00e3o no comando da jornada na sua empresa?<\/p>\n<p><strong>c) Talvez:<\/strong> <span style=\"text-decoration: underline;\">Os resultados obtidos sob o per\u00edodo de forma\u00e7\u00e3o<\/span>?<\/p>\n<p>O que \u00e9 razo\u00e1vel ter de concreto como entreg\u00e1veis antes do \u201ccaminhar pelas pr\u00f3prias pernas e\u00a0pr\u00f3prio discernimento\u201d?<\/p>\n<p>Como escalonar em cada tarefa o grau de dificuldade e o n\u00edvel de aprendizado esperado do l\u00edder e da equipe em treinamento?<\/p>\n<p>Especialista \u00e9 algu\u00e9m que volte para casa ap\u00f3s o treinamento e n\u00e3o saiba quando come\u00e7ar a colher os frutos do investimento de sua empresa e das pessoas e equipes envolvidas?<\/p>\n<p>E \u201cinovando\u201d por conta pr\u00f3pria as formas e o como obter esses resultados?<\/p>\n<p><strong>d) Quanto \u00e0 fases<\/strong>: com <span style=\"text-decoration: underline;\">uma dura\u00e7\u00e3o m\u00ednima ou ef\u00eamera da prepara\u00e7\u00e3o, da execu\u00e7\u00e3o e, quando houver, da entrega e da sustenta\u00e7\u00e3o<\/span>, \u00e9 poss\u00edvel formar um \u201cEspecialista\u201d para sua empresa?<\/p>\n<div class=\"page\" title=\"Page 2\">\n<div class=\"layoutArea\">\n<div class=\"column\">\n<p><a href=\"http:\/\/interagere.com.br\/site\/wp-content\/uploads\/2017\/10\/lago.png\"><img decoding=\"async\" class=\" size-medium wp-image-814 alignright\" src=\"http:\/\/interagere.com.br\/site\/wp-content\/uploads\/2017\/10\/lago-300x161.png\" alt=\"lago\" width=\"300\" height=\"161\" srcset=\"https:\/\/interagere.com.br\/site\/wp-content\/uploads\/2017\/10\/lago-300x161.png 300w, https:\/\/interagere.com.br\/site\/wp-content\/uploads\/2017\/10\/lago.png 454w\" sizes=\"(max-width: 300px) 100vw, 300px\" \/><\/a>Um profissional Especialista em sua empresa pode ser formado apenas com as etapas da indica\u00e7\u00e3o, a inscri\u00e7\u00e3o, a participa\u00e7\u00e3o do treinamento?<\/p>\n<p>E \u00e9 colocado no desafio apenas com as etapas de Comunicar, Delegar e \u201cDelargar\u201d na execu\u00e7\u00e3o e manuten\u00e7\u00e3o do programa e dos projetos em sua empresa?<\/p>\n<div class=\"page\" title=\"Page 3\">\n<div class=\"layoutArea\">\n<div class=\"column\">\n<p><strong>e) Talvez o ambiente<\/strong>: Capacitando-o <span style=\"text-decoration: underline;\">em treinamento junto com muitas dezenas de participantes, se n\u00e3o, milhares em certos eventos<\/span>, atinge-se o em n\u00edvel adequado de \u201cEspecialista&#8221;?<\/p>\n<p>E depois no dia-a-dia, separado desse grupo grande e difuso, sendo colocado sozinho e autossuficiente para a jornada dentro de sua empresa obt\u00e9m-se resultados \u00e0 altura?<\/p>\n<p><strong>f) Quem sabe a fonte<\/strong>: <span style=\"text-decoration: underline;\">Treinado &#8220;em casa\u201d mesmo, com recursos exclusivamente internos e compartilhados<\/span> com outras atividades\/afazeres\/\u201cespecialidades\u201d forma-se um Especialista?<\/p>\n<p>Com qual o investimento total de recursos internos da empresa?<\/p>\n<p>E com os recursos internos da empresa, tem ainda condi\u00e7\u00f5es e capacidade de estender as melhorias para os elos fracos da sua cadeia de suprimentos?<\/p>\n<p><strong>g) Ou talvez, a propor\u00e7\u00e3o<\/strong>: Qual <span style=\"text-decoration: underline;\">a quantidade de Especialistas necess\u00e1rios em sua empresa<\/span>?<\/p>\n<p>Usam 1 \u00fanico para muitos times ou muitos em poucos times? Se 1 para muitos: sua voz ser\u00e1 capaz de ser ouvida?<br \/>\nComo gerenciar tantas e diferentes pessoas e projetos?<br \/>\nCom qual uso do tempo?<\/p>\n<p>Ser\u00e1 um Maestro &#8220;dedicado&#8221; ou &#8220;Maestro Pianista&#8221;?<\/p>\n<p>Se muitos em um time: Quantos maestros para quantos integrantes? E ditam o ritmo enquanto tocam ou remam?<br \/>\nComo sincronizar e satisfazer tantos maestros, egos e expectativas?<\/p>\n<p>Al\u00e9m desses aspectos acima, podemos considerar v\u00e1rios outros com poss\u00edveis impactos na defini\u00e7\u00e3o e forma\u00e7\u00e3o de Especialistas.<\/p>\n<p>Claro que para cada aspecto, um padr\u00e3o simples, se n\u00e3o simpl\u00f3rio, de treinamentos e forma\u00e7\u00e3o \u00e9 \u00fatil sim para iniciar e preparar o mercado de empresas.<\/p>\n<p>Eles apresentam uma experi\u00eancia inicial do conceito, os benef\u00edcios e o primeiros passos.<br \/>\nMas s\u00e3o suficientes para a empresa alcan\u00e7ar o sucesso expressivo?<br \/>\nPodem mesmo conduzir \u00e0 condi\u00e7\u00e3o de &#8220;Especialistas&#8221;?<br \/>\nOu s\u00e3o parte da equa\u00e7\u00e3o do baixo desempenho de processos se comparado ao internacional?<\/p>\n<div class=\"page\" title=\"Page 4\">\n<div class=\"layoutArea\">\n<div class=\"column\">\n<p>Ent\u00e3o, para empresas que quiserem se destacar e superar, \u00e9 poss\u00edvel comparar nesses aspectos:<\/p>\n<\/div>\n<\/div>\n<div class=\"layoutArea\">\n<div class=\"column\">\n<p>\u2022 o que vem sendo oferecido no mercado e dado como resultado, o desempenho e produtividade atual das empresas nacionais<\/p>\n<p>versus<\/p>\n<p>\u2022 novas ofertas, com pr\u00e1ticas inovadoras e de excel\u00eancia, que podem ser adotadas por aquelas empresas que desejem resultados melhores.<\/p>\n<p>E ent\u00e3o, em sua opini\u00e3o:<\/p>\n<ol>\n<li>Especialistas nas equipes s\u00e3o impactantes para um sucesso maior?<\/li>\n<li>O que caracteriza um \u201cEspecialista\u201d para voc\u00ea? E para sua empresa?<\/li>\n<li>O mercado, ou a capacidade interna de forma\u00e7\u00e3o em sua empresa, lhe atende nessa necessidade de obter verdadeiros Especialistas hoje?<\/li>\n<li>\u00c9 sustent\u00e1vel e com R&amp;R* seu padr\u00e3o atual e a manuten\u00e7\u00e3o de &#8220;Especialistas\u201d na sua empresa daqui a 4 ou 5 anos?<\/li>\n<li>Os resultados colhidos com Especialistas formados dessa maneira t\u00eam sido satisfat\u00f3rios?<\/li>\n<li>E j\u00e1 fazem de sua empresa uma das melhores do mundo em seu segmento?<\/li>\n<li>Como melhorar?<\/li>\n<\/ol>\n<p><img loading=\"lazy\" decoding=\"async\" class=\" size-medium wp-image-796 alignright\" src=\"http:\/\/interagere.com.br\/site\/wp-content\/uploads\/2017\/04\/Post-2-300x272.jpg\" alt=\"Indique Interagere\" width=\"300\" height=\"272\" srcset=\"https:\/\/interagere.com.br\/site\/wp-content\/uploads\/2017\/04\/Post-2-300x272.jpg 300w, https:\/\/interagere.com.br\/site\/wp-content\/uploads\/2017\/04\/Post-2-1024x928.jpg 1024w, https:\/\/interagere.com.br\/site\/wp-content\/uploads\/2017\/04\/Post-2.jpg 2000w\" sizes=\"(max-width: 300px) 100vw, 300px\" \/>Comente e compartilhe sua opini\u00e3o e sua experi\u00eancia!<\/p>\n<p>E se desejar, conhecer um pouco mais sobre a solu\u00e7\u00e3o diferenciada e metodologia Premium Interagere na forma\u00e7\u00e3o de Especialistas, fale conosco.<\/p>\n<p>Abs.<br \/>\nEquipe Interagere T&amp;C.<\/p>\n<\/div>\n<\/div>\n<\/div>\n<\/div>\n<\/div>\n<\/div>\n<\/div>\n<\/div>\n<\/div>\n<\/div>\n<\/div>\n<\/div>\n<\/div>\n<\/div>\n<\/div>\n<\/div>\n<\/div>\n<\/div>\n<\/div>\n<\/div>\n<\/div>\n","protected":false},"excerpt":{"rendered":"<p>Para sua empresa destacar-se: ESPECIALISTAS Tendo e fazendo o mesmo que os outros, sua empresa ir\u00e1 destacar-se, fortalecer e perenizar? As solu\u00e7\u00f5es tradicionais de mercado, foram motivo de alavancagem significativa de outras<a class=\"moretag\" href=\"https:\/\/interagere.com.br\/site\/para-sua-empresa-destacar-se-especialistas\/\">Read More&#8230;<\/a><\/p>\n","protected":false},"author":2,"featured_media":789,"comment_status":"open","ping_status":"open","sticky":false,"template":"","format":"standard","meta":{"_mo_disable_npp":"","footnotes":""},"categories":[12,9],"tags":[22,27,24,19,17,30,23,28,34],"class_list":["post-812","post","type-post","status-publish","format-standard","has-post-thumbnail","hentry","category-excelencia","category-lean","tag-competitividade","tag-estrategia","tag-excelencia","tag-kaizen","tag-lean","tag-melhoria-continua","tag-sigma","tag-valor","tag-world-class"],"yoast_head":"<!-- This site is optimized with the Yoast SEO plugin v27.2 - https:\/\/yoast.com\/product\/yoast-seo-wordpress\/ -->\n<title>Especialistas Interagere<\/title>\n<meta name=\"description\" content=\"Especialistas com forma\u00e7\u00e3o Premium Interagere\" \/>\n<meta name=\"robots\" content=\"index, follow, max-snippet:-1, max-image-preview:large, max-video-preview:-1\" \/>\n<link rel=\"canonical\" href=\"https:\/\/interagere.com.br\/site\/para-sua-empresa-destacar-se-especialistas\/\" \/>\n<meta property=\"og:locale\" content=\"pt_BR\" \/>\n<meta property=\"og:type\" content=\"article\" \/>\n<meta property=\"og:title\" content=\"Especialistas Interagere\" \/>\n<meta property=\"og:description\" content=\"Especialistas com forma\u00e7\u00e3o Premium Interagere\" \/>\n<meta property=\"og:url\" content=\"https:\/\/interagere.com.br\/site\/para-sua-empresa-destacar-se-especialistas\/\" \/>\n<meta property=\"og:site_name\" content=\"INTERAGERE\" \/>\n<meta property=\"article:published_time\" content=\"2019-09-16T15:45:09+00:00\" \/>\n<meta property=\"article:modified_time\" content=\"2021-02-26T22:36:04+00:00\" \/>\n<meta property=\"og:image\" content=\"https:\/\/interagere.com.br\/site\/wp-content\/uploads\/2017\/04\/Posts_Interagere-02.png\" \/>\n\t<meta property=\"og:image:width\" content=\"1042\" \/>\n\t<meta property=\"og:image:height\" content=\"1042\" \/>\n\t<meta property=\"og:image:type\" content=\"image\/png\" \/>\n<meta name=\"author\" content=\"Anderson Sa\" \/>\n<meta name=\"twitter:card\" content=\"summary_large_image\" \/>\n<meta name=\"twitter:label1\" content=\"Escrito por\" \/>\n\t<meta name=\"twitter:data1\" content=\"Anderson Sa\" \/>\n\t<meta name=\"twitter:label2\" content=\"Est. tempo de leitura\" \/>\n\t<meta name=\"twitter:data2\" content=\"6 minutos\" \/>\n<script type=\"application\/ld+json\" class=\"yoast-schema-graph\">{\"@context\":\"https:\/\/schema.org\",\"@graph\":[{\"@type\":\"Article\",\"@id\":\"https:\/\/interagere.com.br\/site\/para-sua-empresa-destacar-se-especialistas\/#article\",\"isPartOf\":{\"@id\":\"https:\/\/interagere.com.br\/site\/para-sua-empresa-destacar-se-especialistas\/\"},\"author\":{\"name\":\"Anderson Sa\",\"@id\":\"https:\/\/interagere.com.br\/site\/#\/schema\/person\/643441cf8e1f1d19bc3ca88596f9228e\"},\"headline\":\"Para sua empresa destacar-se: ESPECIALISTAS\",\"datePublished\":\"2019-09-16T15:45:09+00:00\",\"dateModified\":\"2021-02-26T22:36:04+00:00\",\"mainEntityOfPage\":{\"@id\":\"https:\/\/interagere.com.br\/site\/para-sua-empresa-destacar-se-especialistas\/\"},\"wordCount\":1163,\"commentCount\":0,\"image\":{\"@id\":\"https:\/\/interagere.com.br\/site\/para-sua-empresa-destacar-se-especialistas\/#primaryimage\"},\"thumbnailUrl\":\"https:\/\/interagere.com.br\/site\/wp-content\/uploads\/2017\/04\/Posts_Interagere-02.png\",\"keywords\":[\"COMPETITIVIDADE\",\"ESTRAT\u00c9GIA\",\"EXCEL\u00caNCIA\",\"KAIZEN\",\"LEAN\",\"Melhoria Cont\u00ednua\",\"SIGMA\",\"Valor\",\"World Class\"],\"articleSection\":[\"Excel\u00eancia\",\"Lean\"],\"inLanguage\":\"pt-BR\"},{\"@type\":\"WebPage\",\"@id\":\"https:\/\/interagere.com.br\/site\/para-sua-empresa-destacar-se-especialistas\/\",\"url\":\"https:\/\/interagere.com.br\/site\/para-sua-empresa-destacar-se-especialistas\/\",\"name\":\"Especialistas Interagere\",\"isPartOf\":{\"@id\":\"https:\/\/interagere.com.br\/site\/#website\"},\"primaryImageOfPage\":{\"@id\":\"https:\/\/interagere.com.br\/site\/para-sua-empresa-destacar-se-especialistas\/#primaryimage\"},\"image\":{\"@id\":\"https:\/\/interagere.com.br\/site\/para-sua-empresa-destacar-se-especialistas\/#primaryimage\"},\"thumbnailUrl\":\"https:\/\/interagere.com.br\/site\/wp-content\/uploads\/2017\/04\/Posts_Interagere-02.png\",\"datePublished\":\"2019-09-16T15:45:09+00:00\",\"dateModified\":\"2021-02-26T22:36:04+00:00\",\"author\":{\"@id\":\"https:\/\/interagere.com.br\/site\/#\/schema\/person\/643441cf8e1f1d19bc3ca88596f9228e\"},\"description\":\"Especialistas com forma\u00e7\u00e3o Premium Interagere\",\"breadcrumb\":{\"@id\":\"https:\/\/interagere.com.br\/site\/para-sua-empresa-destacar-se-especialistas\/#breadcrumb\"},\"inLanguage\":\"pt-BR\",\"potentialAction\":[{\"@type\":\"ReadAction\",\"target\":[\"https:\/\/interagere.com.br\/site\/para-sua-empresa-destacar-se-especialistas\/\"]}]},{\"@type\":\"ImageObject\",\"inLanguage\":\"pt-BR\",\"@id\":\"https:\/\/interagere.com.br\/site\/para-sua-empresa-destacar-se-especialistas\/#primaryimage\",\"url\":\"https:\/\/interagere.com.br\/site\/wp-content\/uploads\/2017\/04\/Posts_Interagere-02.png\",\"contentUrl\":\"https:\/\/interagere.com.br\/site\/wp-content\/uploads\/2017\/04\/Posts_Interagere-02.png\",\"width\":1042,\"height\":1042},{\"@type\":\"BreadcrumbList\",\"@id\":\"https:\/\/interagere.com.br\/site\/para-sua-empresa-destacar-se-especialistas\/#breadcrumb\",\"itemListElement\":[{\"@type\":\"ListItem\",\"position\":1,\"name\":\"In\u00edcio\",\"item\":\"https:\/\/interagere.com.br\/site\/\"},{\"@type\":\"ListItem\",\"position\":2,\"name\":\"Para sua empresa destacar-se: ESPECIALISTAS\"}]},{\"@type\":\"WebSite\",\"@id\":\"https:\/\/interagere.com.br\/site\/#website\",\"url\":\"https:\/\/interagere.com.br\/site\/\",\"name\":\"INTERAGERE\",\"description\":\"Seu Parceiro Premium de Excel\u00eancia - +55 (12) 4141.0123 - Assessoria e Treinamento em: Gest\u00e3o, Competitividade, Qualidade, Projetos, Lean, 6 Sigma, Inova\u00e7\u00e3o\",\"potentialAction\":[{\"@type\":\"SearchAction\",\"target\":{\"@type\":\"EntryPoint\",\"urlTemplate\":\"https:\/\/interagere.com.br\/site\/?s={search_term_string}\"},\"query-input\":{\"@type\":\"PropertyValueSpecification\",\"valueRequired\":true,\"valueName\":\"search_term_string\"}}],\"inLanguage\":\"pt-BR\"},{\"@type\":\"Person\",\"@id\":\"https:\/\/interagere.com.br\/site\/#\/schema\/person\/643441cf8e1f1d19bc3ca88596f9228e\",\"name\":\"Anderson Sa\",\"image\":{\"@type\":\"ImageObject\",\"inLanguage\":\"pt-BR\",\"@id\":\"https:\/\/secure.gravatar.com\/avatar\/beb780ed6ffec8eea086811954831aae0c32478d2709e5a91fa98b0f3aabd52b?s=96&d=mm&r=g\",\"url\":\"https:\/\/secure.gravatar.com\/avatar\/beb780ed6ffec8eea086811954831aae0c32478d2709e5a91fa98b0f3aabd52b?s=96&d=mm&r=g\",\"contentUrl\":\"https:\/\/secure.gravatar.com\/avatar\/beb780ed6ffec8eea086811954831aae0c32478d2709e5a91fa98b0f3aabd52b?s=96&d=mm&r=g\",\"caption\":\"Anderson Sa\"},\"url\":\"https:\/\/interagere.com.br\/site\/author\/anderson\/\"}]}<\/script>\n<!-- \/ Yoast SEO plugin. -->","yoast_head_json":{"title":"Especialistas Interagere","description":"Especialistas com forma\u00e7\u00e3o Premium Interagere","robots":{"index":"index","follow":"follow","max-snippet":"max-snippet:-1","max-image-preview":"max-image-preview:large","max-video-preview":"max-video-preview:-1"},"canonical":"https:\/\/interagere.com.br\/site\/para-sua-empresa-destacar-se-especialistas\/","og_locale":"pt_BR","og_type":"article","og_title":"Especialistas Interagere","og_description":"Especialistas com forma\u00e7\u00e3o Premium Interagere","og_url":"https:\/\/interagere.com.br\/site\/para-sua-empresa-destacar-se-especialistas\/","og_site_name":"INTERAGERE","article_published_time":"2019-09-16T15:45:09+00:00","article_modified_time":"2021-02-26T22:36:04+00:00","og_image":[{"width":1042,"height":1042,"url":"https:\/\/interagere.com.br\/site\/wp-content\/uploads\/2017\/04\/Posts_Interagere-02.png","type":"image\/png"}],"author":"Anderson Sa","twitter_card":"summary_large_image","twitter_misc":{"Escrito por":"Anderson Sa","Est. tempo de leitura":"6 minutos"},"schema":{"@context":"https:\/\/schema.org","@graph":[{"@type":"Article","@id":"https:\/\/interagere.com.br\/site\/para-sua-empresa-destacar-se-especialistas\/#article","isPartOf":{"@id":"https:\/\/interagere.com.br\/site\/para-sua-empresa-destacar-se-especialistas\/"},"author":{"name":"Anderson Sa","@id":"https:\/\/interagere.com.br\/site\/#\/schema\/person\/643441cf8e1f1d19bc3ca88596f9228e"},"headline":"Para sua empresa destacar-se: ESPECIALISTAS","datePublished":"2019-09-16T15:45:09+00:00","dateModified":"2021-02-26T22:36:04+00:00","mainEntityOfPage":{"@id":"https:\/\/interagere.com.br\/site\/para-sua-empresa-destacar-se-especialistas\/"},"wordCount":1163,"commentCount":0,"image":{"@id":"https:\/\/interagere.com.br\/site\/para-sua-empresa-destacar-se-especialistas\/#primaryimage"},"thumbnailUrl":"https:\/\/interagere.com.br\/site\/wp-content\/uploads\/2017\/04\/Posts_Interagere-02.png","keywords":["COMPETITIVIDADE","ESTRAT\u00c9GIA","EXCEL\u00caNCIA","KAIZEN","LEAN","Melhoria Cont\u00ednua","SIGMA","Valor","World Class"],"articleSection":["Excel\u00eancia","Lean"],"inLanguage":"pt-BR"},{"@type":"WebPage","@id":"https:\/\/interagere.com.br\/site\/para-sua-empresa-destacar-se-especialistas\/","url":"https:\/\/interagere.com.br\/site\/para-sua-empresa-destacar-se-especialistas\/","name":"Especialistas Interagere","isPartOf":{"@id":"https:\/\/interagere.com.br\/site\/#website"},"primaryImageOfPage":{"@id":"https:\/\/interagere.com.br\/site\/para-sua-empresa-destacar-se-especialistas\/#primaryimage"},"image":{"@id":"https:\/\/interagere.com.br\/site\/para-sua-empresa-destacar-se-especialistas\/#primaryimage"},"thumbnailUrl":"https:\/\/interagere.com.br\/site\/wp-content\/uploads\/2017\/04\/Posts_Interagere-02.png","datePublished":"2019-09-16T15:45:09+00:00","dateModified":"2021-02-26T22:36:04+00:00","author":{"@id":"https:\/\/interagere.com.br\/site\/#\/schema\/person\/643441cf8e1f1d19bc3ca88596f9228e"},"description":"Especialistas com forma\u00e7\u00e3o Premium Interagere","breadcrumb":{"@id":"https:\/\/interagere.com.br\/site\/para-sua-empresa-destacar-se-especialistas\/#breadcrumb"},"inLanguage":"pt-BR","potentialAction":[{"@type":"ReadAction","target":["https:\/\/interagere.com.br\/site\/para-sua-empresa-destacar-se-especialistas\/"]}]},{"@type":"ImageObject","inLanguage":"pt-BR","@id":"https:\/\/interagere.com.br\/site\/para-sua-empresa-destacar-se-especialistas\/#primaryimage","url":"https:\/\/interagere.com.br\/site\/wp-content\/uploads\/2017\/04\/Posts_Interagere-02.png","contentUrl":"https:\/\/interagere.com.br\/site\/wp-content\/uploads\/2017\/04\/Posts_Interagere-02.png","width":1042,"height":1042},{"@type":"BreadcrumbList","@id":"https:\/\/interagere.com.br\/site\/para-sua-empresa-destacar-se-especialistas\/#breadcrumb","itemListElement":[{"@type":"ListItem","position":1,"name":"In\u00edcio","item":"https:\/\/interagere.com.br\/site\/"},{"@type":"ListItem","position":2,"name":"Para sua empresa destacar-se: ESPECIALISTAS"}]},{"@type":"WebSite","@id":"https:\/\/interagere.com.br\/site\/#website","url":"https:\/\/interagere.com.br\/site\/","name":"INTERAGERE","description":"Seu Parceiro Premium de Excel\u00eancia - +55 (12) 4141.0123 - Assessoria e Treinamento em: Gest\u00e3o, Competitividade, Qualidade, Projetos, Lean, 6 Sigma, Inova\u00e7\u00e3o","potentialAction":[{"@type":"SearchAction","target":{"@type":"EntryPoint","urlTemplate":"https:\/\/interagere.com.br\/site\/?s={search_term_string}"},"query-input":{"@type":"PropertyValueSpecification","valueRequired":true,"valueName":"search_term_string"}}],"inLanguage":"pt-BR"},{"@type":"Person","@id":"https:\/\/interagere.com.br\/site\/#\/schema\/person\/643441cf8e1f1d19bc3ca88596f9228e","name":"Anderson Sa","image":{"@type":"ImageObject","inLanguage":"pt-BR","@id":"https:\/\/secure.gravatar.com\/avatar\/beb780ed6ffec8eea086811954831aae0c32478d2709e5a91fa98b0f3aabd52b?s=96&d=mm&r=g","url":"https:\/\/secure.gravatar.com\/avatar\/beb780ed6ffec8eea086811954831aae0c32478d2709e5a91fa98b0f3aabd52b?s=96&d=mm&r=g","contentUrl":"https:\/\/secure.gravatar.com\/avatar\/beb780ed6ffec8eea086811954831aae0c32478d2709e5a91fa98b0f3aabd52b?s=96&d=mm&r=g","caption":"Anderson Sa"},"url":"https:\/\/interagere.com.br\/site\/author\/anderson\/"}]}},"_links":{"self":[{"href":"https:\/\/interagere.com.br\/site\/wp-json\/wp\/v2\/posts\/812","targetHints":{"allow":["GET"]}}],"collection":[{"href":"https:\/\/interagere.com.br\/site\/wp-json\/wp\/v2\/posts"}],"about":[{"href":"https:\/\/interagere.com.br\/site\/wp-json\/wp\/v2\/types\/post"}],"author":[{"embeddable":true,"href":"https:\/\/interagere.com.br\/site\/wp-json\/wp\/v2\/users\/2"}],"replies":[{"embeddable":true,"href":"https:\/\/interagere.com.br\/site\/wp-json\/wp\/v2\/comments?post=812"}],"version-history":[{"count":6,"href":"https:\/\/interagere.com.br\/site\/wp-json\/wp\/v2\/posts\/812\/revisions"}],"predecessor-version":[{"id":1100,"href":"https:\/\/interagere.com.br\/site\/wp-json\/wp\/v2\/posts\/812\/revisions\/1100"}],"wp:featuredmedia":[{"embeddable":true,"href":"https:\/\/interagere.com.br\/site\/wp-json\/wp\/v2\/media\/789"}],"wp:attachment":[{"href":"https:\/\/interagere.com.br\/site\/wp-json\/wp\/v2\/media?parent=812"}],"wp:term":[{"taxonomy":"category","embeddable":true,"href":"https:\/\/interagere.com.br\/site\/wp-json\/wp\/v2\/categories?post=812"},{"taxonomy":"post_tag","embeddable":true,"href":"https:\/\/interagere.com.br\/site\/wp-json\/wp\/v2\/tags?post=812"}],"curies":[{"name":"wp","href":"https:\/\/api.w.org\/{rel}","templated":true}]}}