{"id":1982,"date":"2025-01-03T11:07:08","date_gmt":"2025-01-03T14:07:08","guid":{"rendered":"https:\/\/interagere.com.br\/site\/?p=1982"},"modified":"2025-01-03T11:08:50","modified_gmt":"2025-01-03T14:08:50","slug":"janeiro-de-2025-treinamento-planejamento-estrategico-com-o-sindipecas","status":"publish","type":"post","link":"https:\/\/interagere.com.br\/site\/janeiro-de-2025-treinamento-planejamento-estrategico-com-o-sindipecas\/","title":{"rendered":"Treinamento PLANEJAMENTO ESTRAT\u00c9GICO com o Sindipe\u00e7as &#8211; 20 de Janeiro de 2025"},"content":{"rendered":"<blockquote>\n<h2 style=\"text-align: center;\">Iniciando 2025 ministrando o treinamento PLANEJAMENTO ESTRAT\u00c9GICO na parceria da <a class=\"OuPhnhXhvqFqqqKGsGzJvJbbQzqQqoBaHlDLUuWA \" href=\"https:\/\/www.linkedin.com\/company\/interagere\/\" target=\"_self\" data-test-app-aware-link=\"\">Interagere<\/a> com o <a class=\"OuPhnhXhvqFqqqKGsGzJvJbbQzqQqoBaHlDLUuWA \" href=\"https:\/\/www.linkedin.com\/company\/instituto-sindipe%C3%A7as\/\" target=\"_self\" data-test-app-aware-link=\"\">Instituto Sindipe\u00e7as<\/a>.<\/h2>\n<p><a href=\"https:\/\/interagere.com.br\/site\/wp-content\/uploads\/2025\/01\/1734433286013.jpg\"><img fetchpriority=\"high\" decoding=\"async\" class=\"alignleft size-full wp-image-1984\" src=\"https:\/\/interagere.com.br\/site\/wp-content\/uploads\/2025\/01\/1734433286013.jpg\" alt=\"\" width=\"1080\" height=\"1081\" srcset=\"https:\/\/interagere.com.br\/site\/wp-content\/uploads\/2025\/01\/1734433286013.jpg 1080w, https:\/\/interagere.com.br\/site\/wp-content\/uploads\/2025\/01\/1734433286013-300x300.jpg 300w, https:\/\/interagere.com.br\/site\/wp-content\/uploads\/2025\/01\/1734433286013-1024x1024.jpg 1024w, https:\/\/interagere.com.br\/site\/wp-content\/uploads\/2025\/01\/1734433286013-150x150.jpg 150w, https:\/\/interagere.com.br\/site\/wp-content\/uploads\/2025\/01\/1734433286013-768x769.jpg 768w\" sizes=\"(max-width: 1080px) 100vw, 1080px\" \/><\/a><\/p>\n<h4><\/h4>\n<h4 style=\"text-align: left;\">Dias 20 e 21\/Janeiro online<\/h4>\n<p>Objetivo do curso:<\/p>\n<p style=\"text-align: left;\">Aplicar ferramentas-chave de planejamento para a excel\u00eancia em processos e neg\u00f3cios.<\/p>\n<h4 style=\"text-align: left;\">Conte\u00fado:<\/h4>\n<p style=\"text-align: left;\">Ferramentas-chave para a estrat\u00e9gia<br \/>\nO processo de implementa\u00e7\u00e3o de plano estrat\u00e9gico efetivo na empresa<br \/>\nUso efetivo de indicadores e resultados<br \/>\nComo fluir corretamente as informa\u00e7\u00f5es, materiais e processos na empresa<br \/>\nMelhorias, solu\u00e7\u00e3o de problemas e inova\u00e7\u00e3o no plano estrat\u00e9gico<br \/>\nFormas simples de aplica\u00e7\u00e3o<\/p>\n<h4 style=\"text-align: left;\">A quem se destina:<\/h4>\n<h4 style=\"text-align: left;\">Lideran\u00e7as e outros profissionais envolvidos com o planejamento estrat\u00e9gico.<\/h4>\n<p>Carga hor\u00e1ria: 8 horas em 2 sess\u00f5es de 4h cada uma, via internet<\/p>\n<p>Instrutor (a): <a id=\"ember4112\" class=\"ember-view\" href=\"https:\/\/www.linkedin.com\/in\/andersonsax\/\">Anderson Sa<\/a><\/p>\n<p>Mini Bio<br \/>\nCertificado MBB &#8211; Master Black-Belt 6 Sigma na Alemanha e certifica\u00e7\u00f5es Black-Belt pela Ericsson, G.E. e Alstom, nos EUA e Brasil.<br \/>\nEspecialista Lean pela Hayes na Alemanha, Toyota Cooperation Club na \u00c1sia.<br \/>\nP\u00f3s-graduado em Gerenciamento de Projetos pela <a class=\"OuPhnhXhvqFqqqKGsGzJvJbbQzqQqoBaHlDLUuWA \" href=\"https:\/\/www.linkedin.com\/company\/uspoficial\/\" target=\"_self\" data-test-app-aware-link=\"\">Universidade de S\u00e3o Paulo<\/a>, Engenheiro eletricista com \u00eanfase em eletr\u00f4nica pela Federal de Itajub\u00e1 \u2013 UNIFEI, tendo cursado disciplinas de mestrado no <a class=\"OuPhnhXhvqFqqqKGsGzJvJbbQzqQqoBaHlDLUuWA \" href=\"https:\/\/www.linkedin.com\/company\/ita\/\" target=\"_self\" data-test-app-aware-link=\"\">Instituto Tecnol\u00f3gico de Aeron\u00e1utica &#8211; ITA<\/a> e <a class=\"OuPhnhXhvqFqqqKGsGzJvJbbQzqQqoBaHlDLUuWA \" href=\"https:\/\/www.linkedin.com\/company\/unifei\/\" target=\"_self\" data-test-app-aware-link=\"\">Universidade Federal de Itajub\u00e1<\/a>.<br \/>\nEspecialista na execu\u00e7\u00e3o e gest\u00e3o de projetos, lideran\u00e7a de equipes, melhorias, solu\u00e7\u00e3o de problemas, inova\u00e7\u00e3o, desenvolvimento, planejamento estrat\u00e9gico e de neg\u00f3cios.<br \/>\nCom 27 anos de experi\u00eancia em doze pa\u00edses.<br \/>\nExperiente como Kaizen Promotion Officer, KPO e Supervisor de Desenvolvimento de Fornecedores na Embraer. Atuou em Qualidade como Gerente de Excel\u00eancia Operacional, Six Sigma Champion e Black Belt e Engenharia de Processos, na <a class=\"OuPhnhXhvqFqqqKGsGzJvJbbQzqQqoBaHlDLUuWA \" href=\"https:\/\/www.linkedin.com\/company\/embraer\/\" target=\"_self\" data-test-app-aware-link=\"\">Embraer<\/a>, <a class=\"OuPhnhXhvqFqqqKGsGzJvJbbQzqQqoBaHlDLUuWA \" href=\"https:\/\/www.linkedin.com\/company\/philips\/\" target=\"_self\" data-test-app-aware-link=\"\">Philips<\/a>, <a class=\"OuPhnhXhvqFqqqKGsGzJvJbbQzqQqoBaHlDLUuWA \" href=\"https:\/\/www.linkedin.com\/company\/ericsson\/\" target=\"_self\" data-test-app-aware-link=\"\">Ericsson<\/a>, <a class=\"OuPhnhXhvqFqqqKGsGzJvJbbQzqQqoBaHlDLUuWA \" href=\"https:\/\/www.linkedin.com\/company\/ge\/\" target=\"_self\" data-test-app-aware-link=\"\">GE<\/a>, <a class=\"OuPhnhXhvqFqqqKGsGzJvJbbQzqQqoBaHlDLUuWA \" href=\"https:\/\/www.linkedin.com\/company\/alstom\/\" target=\"_self\" data-test-app-aware-link=\"\">Alstom<\/a>, <a class=\"OuPhnhXhvqFqqqKGsGzJvJbbQzqQqoBaHlDLUuWA \" href=\"https:\/\/www.linkedin.com\/company\/hayes-lemmerz-international\/\" target=\"_self\" data-test-app-aware-link=\"\">Hayes Lemmerz International<\/a>.<br \/>\nPossui hist\u00f3rico de contribui\u00e7\u00f5es em Excel\u00eancia Empresarial, Operacional e Planejamento Estrat\u00e9gico nos segmentos de autope\u00e7as, eletr\u00f4nica, mec\u00e2nica e aeroespacial em empresas como <a class=\"OuPhnhXhvqFqqqKGsGzJvJbbQzqQqoBaHlDLUuWA \" href=\"https:\/\/www.linkedin.com\/company\/bmw-group\/\" target=\"_self\" data-test-app-aware-link=\"\">BMW Group<\/a>, <a class=\"OuPhnhXhvqFqqqKGsGzJvJbbQzqQqoBaHlDLUuWA \" href=\"https:\/\/www.linkedin.com\/company\/clariant\/\" target=\"_self\" data-test-app-aware-link=\"\">Clariant<\/a>, <a class=\"OuPhnhXhvqFqqqKGsGzJvJbbQzqQqoBaHlDLUuWA \" href=\"https:\/\/www.linkedin.com\/company\/raizenoficial\/\" target=\"_self\" data-test-app-aware-link=\"\">Ra\u00edzen<\/a>, <a class=\"OuPhnhXhvqFqqqKGsGzJvJbbQzqQqoBaHlDLUuWA \" href=\"https:\/\/www.linkedin.com\/company\/maclean-power-systems\/\" target=\"_self\" data-test-app-aware-link=\"\">MacLean Power Systems<\/a>, <a class=\"OuPhnhXhvqFqqqKGsGzJvJbbQzqQqoBaHlDLUuWA \" href=\"https:\/\/www.linkedin.com\/company\/imbel-ind%C3%BAstria-de-material-b%C3%A9lico-do-brasil\/\" target=\"_self\" data-test-app-aware-link=\"\">IMBEL &#8211; Ind\u00fastria de Material B\u00e9lico do Brasil<\/a>, <a class=\"OuPhnhXhvqFqqqKGsGzJvJbbQzqQqoBaHlDLUuWA \" href=\"https:\/\/www.linkedin.com\/company\/sumidenso-do-brasil\/\" target=\"_self\" data-test-app-aware-link=\"\">SUMIDENSO DO BRASIL Ind\u00fastrias El\u00e9tricas Ltda<\/a>, <a class=\"OuPhnhXhvqFqqqKGsGzJvJbbQzqQqoBaHlDLUuWA \" href=\"https:\/\/www.linkedin.com\/company\/rallc-usinagem-e-composto\/\" target=\"_self\" data-test-app-aware-link=\"\">RALLC Usinagem e Composto<\/a>, <a class=\"OuPhnhXhvqFqqqKGsGzJvJbbQzqQqoBaHlDLUuWA \" href=\"https:\/\/www.linkedin.com\/company\/ciesp\/\" target=\"_self\" data-test-app-aware-link=\"\">Ciesp<\/a>, <a class=\"OuPhnhXhvqFqqqKGsGzJvJbbQzqQqoBaHlDLUuWA \" href=\"https:\/\/www.linkedin.com\/company\/sebrae\/\" target=\"_self\" data-test-app-aware-link=\"\">Sebrae<\/a>, Nexus e outros.<br \/>\nRespons\u00e1vel pelo Planejamento Estrat\u00e9gico do Cluster Aeroespacial e APL TIC Vale do <a class=\"OuPhnhXhvqFqqqKGsGzJvJbbQzqQqoBaHlDLUuWA \" href=\"https:\/\/www.linkedin.com\/company\/pitsjc\/\" target=\"_self\" data-test-app-aware-link=\"\">PIT \u2013 Parque de Inova\u00e7\u00e3o Tecnol\u00f3gica S\u00e3o Jos\u00e9 dos Campos<\/a>; do CIEJ &#8211; Centro de Inova\u00e7\u00e3o e Empreendedorismo da <a class=\"OuPhnhXhvqFqqqKGsGzJvJbbQzqQqoBaHlDLUuWA \" href=\"https:\/\/www.linkedin.com\/company\/prefeitura-municipal-de-jacare%C3%AD\/\" target=\"_self\" data-test-app-aware-link=\"\">Prefeitura Municipal de Jacare\u00ed<\/a>, SP; do Parque Tecnol\u00f3gico da <a class=\"OuPhnhXhvqFqqqKGsGzJvJbbQzqQqoBaHlDLUuWA \" href=\"https:\/\/www.linkedin.com\/company\/prefeitura-municipal-de-campo-grande-ms\/\" target=\"_self\" data-test-app-aware-link=\"\">Prefeitura Municipal de Campo Grande &#8211; MS<\/a> &#8211; PARKTEC-CG e outros.<\/p>\n<p>Mais informa\u00e7\u00f5es:<\/p>\n<p style=\"text-align: left;\"><a class=\"OuPhnhXhvqFqqqKGsGzJvJbbQzqQqoBaHlDLUuWA \" href=\"https:\/\/lnkd.in\/dnVGgqyT\" target=\"_self\" data-test-app-aware-link=\"\">https:\/\/lnkd.in\/dnVGgqyT<\/a><\/p>\n<\/blockquote>\n","protected":false},"excerpt":{"rendered":"<p>Iniciando 2025 ministrando o treinamento PLANEJAMENTO ESTRAT\u00c9GICO na parceria da Interagere com o Instituto Sindipe\u00e7as. Dias 20 e 21\/Janeiro online Objetivo do curso: Aplicar ferramentas-chave de planejamento para a excel\u00eancia em processos<a class=\"moretag\" href=\"https:\/\/interagere.com.br\/site\/janeiro-de-2025-treinamento-planejamento-estrategico-com-o-sindipecas\/\">Read More&#8230;<\/a><\/p>\n","protected":false},"author":2,"featured_media":1984,"comment_status":"closed","ping_status":"closed","sticky":false,"template":"","format":"standard","meta":{"_mo_disable_npp":"","footnotes":""},"categories":[12],"tags":[],"class_list":["post-1982","post","type-post","status-publish","format-standard","has-post-thumbnail","hentry","category-excelencia"],"yoast_head":"<!-- This site is optimized with the Yoast SEO plugin v27.2 - https:\/\/yoast.com\/product\/yoast-seo-wordpress\/ -->\n<title>Treinamento PLANEJAMENTO ESTRAT\u00c9GICO com o Sindipe\u00e7as - 20 de Janeiro de 2025 - INTERAGERE<\/title>\n<meta name=\"robots\" content=\"index, follow, max-snippet:-1, max-image-preview:large, max-video-preview:-1\" \/>\n<link rel=\"canonical\" href=\"https:\/\/interagere.com.br\/site\/janeiro-de-2025-treinamento-planejamento-estrategico-com-o-sindipecas\/\" \/>\n<meta property=\"og:locale\" content=\"pt_BR\" \/>\n<meta property=\"og:type\" content=\"article\" \/>\n<meta property=\"og:title\" content=\"Treinamento PLANEJAMENTO ESTRAT\u00c9GICO com o Sindipe\u00e7as - 20 de Janeiro de 2025 - INTERAGERE\" \/>\n<meta property=\"og:description\" content=\"Iniciando 2025 ministrando o treinamento PLANEJAMENTO ESTRAT\u00c9GICO na parceria da Interagere com o Instituto Sindipe\u00e7as. Dias 20 e 21\/Janeiro online Objetivo do curso: Aplicar ferramentas-chave de planejamento para a excel\u00eancia em processosRead More...\" \/>\n<meta property=\"og:url\" content=\"https:\/\/interagere.com.br\/site\/janeiro-de-2025-treinamento-planejamento-estrategico-com-o-sindipecas\/\" \/>\n<meta property=\"og:site_name\" content=\"INTERAGERE\" \/>\n<meta property=\"article:published_time\" content=\"2025-01-03T14:07:08+00:00\" \/>\n<meta property=\"article:modified_time\" content=\"2025-01-03T14:08:50+00:00\" \/>\n<meta property=\"og:image\" content=\"https:\/\/interagere.com.br\/site\/wp-content\/uploads\/2025\/01\/1734433286013.jpg\" \/>\n\t<meta property=\"og:image:width\" content=\"1080\" \/>\n\t<meta property=\"og:image:height\" content=\"1081\" \/>\n\t<meta property=\"og:image:type\" content=\"image\/jpeg\" \/>\n<meta name=\"author\" content=\"Anderson Sa\" \/>\n<meta name=\"twitter:card\" content=\"summary_large_image\" \/>\n<meta name=\"twitter:label1\" content=\"Escrito por\" \/>\n\t<meta name=\"twitter:data1\" content=\"Anderson Sa\" \/>\n\t<meta name=\"twitter:label2\" content=\"Est. tempo de leitura\" \/>\n\t<meta name=\"twitter:data2\" content=\"1 minuto\" \/>\n<script type=\"application\/ld+json\" class=\"yoast-schema-graph\">{\"@context\":\"https:\/\/schema.org\",\"@graph\":[{\"@type\":\"Article\",\"@id\":\"https:\/\/interagere.com.br\/site\/janeiro-de-2025-treinamento-planejamento-estrategico-com-o-sindipecas\/#article\",\"isPartOf\":{\"@id\":\"https:\/\/interagere.com.br\/site\/janeiro-de-2025-treinamento-planejamento-estrategico-com-o-sindipecas\/\"},\"author\":{\"name\":\"Anderson Sa\",\"@id\":\"https:\/\/interagere.com.br\/site\/#\/schema\/person\/643441cf8e1f1d19bc3ca88596f9228e\"},\"headline\":\"Treinamento PLANEJAMENTO ESTRAT\u00c9GICO com o Sindipe\u00e7as &#8211; 20 de Janeiro de 2025\",\"datePublished\":\"2025-01-03T14:07:08+00:00\",\"dateModified\":\"2025-01-03T14:08:50+00:00\",\"mainEntityOfPage\":{\"@id\":\"https:\/\/interagere.com.br\/site\/janeiro-de-2025-treinamento-planejamento-estrategico-com-o-sindipecas\/\"},\"wordCount\":418,\"image\":{\"@id\":\"https:\/\/interagere.com.br\/site\/janeiro-de-2025-treinamento-planejamento-estrategico-com-o-sindipecas\/#primaryimage\"},\"thumbnailUrl\":\"https:\/\/interagere.com.br\/site\/wp-content\/uploads\/2025\/01\/1734433286013.jpg\",\"articleSection\":[\"Excel\u00eancia\"],\"inLanguage\":\"pt-BR\"},{\"@type\":\"WebPage\",\"@id\":\"https:\/\/interagere.com.br\/site\/janeiro-de-2025-treinamento-planejamento-estrategico-com-o-sindipecas\/\",\"url\":\"https:\/\/interagere.com.br\/site\/janeiro-de-2025-treinamento-planejamento-estrategico-com-o-sindipecas\/\",\"name\":\"Treinamento PLANEJAMENTO ESTRAT\u00c9GICO com o Sindipe\u00e7as - 20 de Janeiro de 2025 - INTERAGERE\",\"isPartOf\":{\"@id\":\"https:\/\/interagere.com.br\/site\/#website\"},\"primaryImageOfPage\":{\"@id\":\"https:\/\/interagere.com.br\/site\/janeiro-de-2025-treinamento-planejamento-estrategico-com-o-sindipecas\/#primaryimage\"},\"image\":{\"@id\":\"https:\/\/interagere.com.br\/site\/janeiro-de-2025-treinamento-planejamento-estrategico-com-o-sindipecas\/#primaryimage\"},\"thumbnailUrl\":\"https:\/\/interagere.com.br\/site\/wp-content\/uploads\/2025\/01\/1734433286013.jpg\",\"datePublished\":\"2025-01-03T14:07:08+00:00\",\"dateModified\":\"2025-01-03T14:08:50+00:00\",\"author\":{\"@id\":\"https:\/\/interagere.com.br\/site\/#\/schema\/person\/643441cf8e1f1d19bc3ca88596f9228e\"},\"breadcrumb\":{\"@id\":\"https:\/\/interagere.com.br\/site\/janeiro-de-2025-treinamento-planejamento-estrategico-com-o-sindipecas\/#breadcrumb\"},\"inLanguage\":\"pt-BR\",\"potentialAction\":[{\"@type\":\"ReadAction\",\"target\":[\"https:\/\/interagere.com.br\/site\/janeiro-de-2025-treinamento-planejamento-estrategico-com-o-sindipecas\/\"]}]},{\"@type\":\"ImageObject\",\"inLanguage\":\"pt-BR\",\"@id\":\"https:\/\/interagere.com.br\/site\/janeiro-de-2025-treinamento-planejamento-estrategico-com-o-sindipecas\/#primaryimage\",\"url\":\"https:\/\/interagere.com.br\/site\/wp-content\/uploads\/2025\/01\/1734433286013.jpg\",\"contentUrl\":\"https:\/\/interagere.com.br\/site\/wp-content\/uploads\/2025\/01\/1734433286013.jpg\",\"width\":1080,\"height\":1081},{\"@type\":\"BreadcrumbList\",\"@id\":\"https:\/\/interagere.com.br\/site\/janeiro-de-2025-treinamento-planejamento-estrategico-com-o-sindipecas\/#breadcrumb\",\"itemListElement\":[{\"@type\":\"ListItem\",\"position\":1,\"name\":\"In\u00edcio\",\"item\":\"https:\/\/interagere.com.br\/site\/\"},{\"@type\":\"ListItem\",\"position\":2,\"name\":\"Treinamento PLANEJAMENTO ESTRAT\u00c9GICO com o Sindipe\u00e7as &#8211; 20 de Janeiro de 2025\"}]},{\"@type\":\"WebSite\",\"@id\":\"https:\/\/interagere.com.br\/site\/#website\",\"url\":\"https:\/\/interagere.com.br\/site\/\",\"name\":\"INTERAGERE\",\"description\":\"Seu Parceiro Premium de Excel\u00eancia - +55 (12) 4141.0123 - Assessoria e Treinamento em: Gest\u00e3o, Competitividade, Qualidade, Projetos, Lean, 6 Sigma, Inova\u00e7\u00e3o\",\"potentialAction\":[{\"@type\":\"SearchAction\",\"target\":{\"@type\":\"EntryPoint\",\"urlTemplate\":\"https:\/\/interagere.com.br\/site\/?s={search_term_string}\"},\"query-input\":{\"@type\":\"PropertyValueSpecification\",\"valueRequired\":true,\"valueName\":\"search_term_string\"}}],\"inLanguage\":\"pt-BR\"},{\"@type\":\"Person\",\"@id\":\"https:\/\/interagere.com.br\/site\/#\/schema\/person\/643441cf8e1f1d19bc3ca88596f9228e\",\"name\":\"Anderson Sa\",\"image\":{\"@type\":\"ImageObject\",\"inLanguage\":\"pt-BR\",\"@id\":\"https:\/\/secure.gravatar.com\/avatar\/beb780ed6ffec8eea086811954831aae0c32478d2709e5a91fa98b0f3aabd52b?s=96&d=mm&r=g\",\"url\":\"https:\/\/secure.gravatar.com\/avatar\/beb780ed6ffec8eea086811954831aae0c32478d2709e5a91fa98b0f3aabd52b?s=96&d=mm&r=g\",\"contentUrl\":\"https:\/\/secure.gravatar.com\/avatar\/beb780ed6ffec8eea086811954831aae0c32478d2709e5a91fa98b0f3aabd52b?s=96&d=mm&r=g\",\"caption\":\"Anderson Sa\"},\"url\":\"https:\/\/interagere.com.br\/site\/author\/anderson\/\"}]}<\/script>\n<!-- \/ Yoast SEO plugin. -->","yoast_head_json":{"title":"Treinamento PLANEJAMENTO ESTRAT\u00c9GICO com o Sindipe\u00e7as - 20 de Janeiro de 2025 - INTERAGERE","robots":{"index":"index","follow":"follow","max-snippet":"max-snippet:-1","max-image-preview":"max-image-preview:large","max-video-preview":"max-video-preview:-1"},"canonical":"https:\/\/interagere.com.br\/site\/janeiro-de-2025-treinamento-planejamento-estrategico-com-o-sindipecas\/","og_locale":"pt_BR","og_type":"article","og_title":"Treinamento PLANEJAMENTO ESTRAT\u00c9GICO com o Sindipe\u00e7as - 20 de Janeiro de 2025 - INTERAGERE","og_description":"Iniciando 2025 ministrando o treinamento PLANEJAMENTO ESTRAT\u00c9GICO na parceria da Interagere com o Instituto Sindipe\u00e7as. Dias 20 e 21\/Janeiro online Objetivo do curso: Aplicar ferramentas-chave de planejamento para a excel\u00eancia em processosRead More...","og_url":"https:\/\/interagere.com.br\/site\/janeiro-de-2025-treinamento-planejamento-estrategico-com-o-sindipecas\/","og_site_name":"INTERAGERE","article_published_time":"2025-01-03T14:07:08+00:00","article_modified_time":"2025-01-03T14:08:50+00:00","og_image":[{"width":1080,"height":1081,"url":"https:\/\/interagere.com.br\/site\/wp-content\/uploads\/2025\/01\/1734433286013.jpg","type":"image\/jpeg"}],"author":"Anderson Sa","twitter_card":"summary_large_image","twitter_misc":{"Escrito por":"Anderson Sa","Est. tempo de leitura":"1 minuto"},"schema":{"@context":"https:\/\/schema.org","@graph":[{"@type":"Article","@id":"https:\/\/interagere.com.br\/site\/janeiro-de-2025-treinamento-planejamento-estrategico-com-o-sindipecas\/#article","isPartOf":{"@id":"https:\/\/interagere.com.br\/site\/janeiro-de-2025-treinamento-planejamento-estrategico-com-o-sindipecas\/"},"author":{"name":"Anderson Sa","@id":"https:\/\/interagere.com.br\/site\/#\/schema\/person\/643441cf8e1f1d19bc3ca88596f9228e"},"headline":"Treinamento PLANEJAMENTO ESTRAT\u00c9GICO com o Sindipe\u00e7as &#8211; 20 de Janeiro de 2025","datePublished":"2025-01-03T14:07:08+00:00","dateModified":"2025-01-03T14:08:50+00:00","mainEntityOfPage":{"@id":"https:\/\/interagere.com.br\/site\/janeiro-de-2025-treinamento-planejamento-estrategico-com-o-sindipecas\/"},"wordCount":418,"image":{"@id":"https:\/\/interagere.com.br\/site\/janeiro-de-2025-treinamento-planejamento-estrategico-com-o-sindipecas\/#primaryimage"},"thumbnailUrl":"https:\/\/interagere.com.br\/site\/wp-content\/uploads\/2025\/01\/1734433286013.jpg","articleSection":["Excel\u00eancia"],"inLanguage":"pt-BR"},{"@type":"WebPage","@id":"https:\/\/interagere.com.br\/site\/janeiro-de-2025-treinamento-planejamento-estrategico-com-o-sindipecas\/","url":"https:\/\/interagere.com.br\/site\/janeiro-de-2025-treinamento-planejamento-estrategico-com-o-sindipecas\/","name":"Treinamento PLANEJAMENTO ESTRAT\u00c9GICO com o Sindipe\u00e7as - 20 de Janeiro de 2025 - INTERAGERE","isPartOf":{"@id":"https:\/\/interagere.com.br\/site\/#website"},"primaryImageOfPage":{"@id":"https:\/\/interagere.com.br\/site\/janeiro-de-2025-treinamento-planejamento-estrategico-com-o-sindipecas\/#primaryimage"},"image":{"@id":"https:\/\/interagere.com.br\/site\/janeiro-de-2025-treinamento-planejamento-estrategico-com-o-sindipecas\/#primaryimage"},"thumbnailUrl":"https:\/\/interagere.com.br\/site\/wp-content\/uploads\/2025\/01\/1734433286013.jpg","datePublished":"2025-01-03T14:07:08+00:00","dateModified":"2025-01-03T14:08:50+00:00","author":{"@id":"https:\/\/interagere.com.br\/site\/#\/schema\/person\/643441cf8e1f1d19bc3ca88596f9228e"},"breadcrumb":{"@id":"https:\/\/interagere.com.br\/site\/janeiro-de-2025-treinamento-planejamento-estrategico-com-o-sindipecas\/#breadcrumb"},"inLanguage":"pt-BR","potentialAction":[{"@type":"ReadAction","target":["https:\/\/interagere.com.br\/site\/janeiro-de-2025-treinamento-planejamento-estrategico-com-o-sindipecas\/"]}]},{"@type":"ImageObject","inLanguage":"pt-BR","@id":"https:\/\/interagere.com.br\/site\/janeiro-de-2025-treinamento-planejamento-estrategico-com-o-sindipecas\/#primaryimage","url":"https:\/\/interagere.com.br\/site\/wp-content\/uploads\/2025\/01\/1734433286013.jpg","contentUrl":"https:\/\/interagere.com.br\/site\/wp-content\/uploads\/2025\/01\/1734433286013.jpg","width":1080,"height":1081},{"@type":"BreadcrumbList","@id":"https:\/\/interagere.com.br\/site\/janeiro-de-2025-treinamento-planejamento-estrategico-com-o-sindipecas\/#breadcrumb","itemListElement":[{"@type":"ListItem","position":1,"name":"In\u00edcio","item":"https:\/\/interagere.com.br\/site\/"},{"@type":"ListItem","position":2,"name":"Treinamento PLANEJAMENTO ESTRAT\u00c9GICO com o Sindipe\u00e7as &#8211; 20 de Janeiro de 2025"}]},{"@type":"WebSite","@id":"https:\/\/interagere.com.br\/site\/#website","url":"https:\/\/interagere.com.br\/site\/","name":"INTERAGERE","description":"Seu Parceiro Premium de Excel\u00eancia - +55 (12) 4141.0123 - Assessoria e Treinamento em: Gest\u00e3o, Competitividade, Qualidade, Projetos, Lean, 6 Sigma, Inova\u00e7\u00e3o","potentialAction":[{"@type":"SearchAction","target":{"@type":"EntryPoint","urlTemplate":"https:\/\/interagere.com.br\/site\/?s={search_term_string}"},"query-input":{"@type":"PropertyValueSpecification","valueRequired":true,"valueName":"search_term_string"}}],"inLanguage":"pt-BR"},{"@type":"Person","@id":"https:\/\/interagere.com.br\/site\/#\/schema\/person\/643441cf8e1f1d19bc3ca88596f9228e","name":"Anderson Sa","image":{"@type":"ImageObject","inLanguage":"pt-BR","@id":"https:\/\/secure.gravatar.com\/avatar\/beb780ed6ffec8eea086811954831aae0c32478d2709e5a91fa98b0f3aabd52b?s=96&d=mm&r=g","url":"https:\/\/secure.gravatar.com\/avatar\/beb780ed6ffec8eea086811954831aae0c32478d2709e5a91fa98b0f3aabd52b?s=96&d=mm&r=g","contentUrl":"https:\/\/secure.gravatar.com\/avatar\/beb780ed6ffec8eea086811954831aae0c32478d2709e5a91fa98b0f3aabd52b?s=96&d=mm&r=g","caption":"Anderson Sa"},"url":"https:\/\/interagere.com.br\/site\/author\/anderson\/"}]}},"_links":{"self":[{"href":"https:\/\/interagere.com.br\/site\/wp-json\/wp\/v2\/posts\/1982","targetHints":{"allow":["GET"]}}],"collection":[{"href":"https:\/\/interagere.com.br\/site\/wp-json\/wp\/v2\/posts"}],"about":[{"href":"https:\/\/interagere.com.br\/site\/wp-json\/wp\/v2\/types\/post"}],"author":[{"embeddable":true,"href":"https:\/\/interagere.com.br\/site\/wp-json\/wp\/v2\/users\/2"}],"replies":[{"embeddable":true,"href":"https:\/\/interagere.com.br\/site\/wp-json\/wp\/v2\/comments?post=1982"}],"version-history":[{"count":5,"href":"https:\/\/interagere.com.br\/site\/wp-json\/wp\/v2\/posts\/1982\/revisions"}],"predecessor-version":[{"id":1988,"href":"https:\/\/interagere.com.br\/site\/wp-json\/wp\/v2\/posts\/1982\/revisions\/1988"}],"wp:featuredmedia":[{"embeddable":true,"href":"https:\/\/interagere.com.br\/site\/wp-json\/wp\/v2\/media\/1984"}],"wp:attachment":[{"href":"https:\/\/interagere.com.br\/site\/wp-json\/wp\/v2\/media?parent=1982"}],"wp:term":[{"taxonomy":"category","embeddable":true,"href":"https:\/\/interagere.com.br\/site\/wp-json\/wp\/v2\/categories?post=1982"},{"taxonomy":"post_tag","embeddable":true,"href":"https:\/\/interagere.com.br\/site\/wp-json\/wp\/v2\/tags?post=1982"}],"curies":[{"name":"wp","href":"https:\/\/api.w.org\/{rel}","templated":true}]}}