{"id":1832,"date":"2024-11-07T16:57:45","date_gmt":"2024-11-07T19:57:45","guid":{"rendered":"https:\/\/interagere.com.br\/site\/?p=1832"},"modified":"2024-11-18T08:11:42","modified_gmt":"2024-11-18T11:11:42","slug":"novo-cluster-produtivo-em-jacarei-a-interagere-apoia-esse-projeto","status":"publish","type":"post","link":"https:\/\/interagere.com.br\/site\/novo-cluster-produtivo-em-jacarei-a-interagere-apoia-esse-projeto\/","title":{"rendered":"Novo Cluster Produtivo em Jacare\u00ed &#8211; A Interagere\u00ae apoia!"},"content":{"rendered":"<h2 dir=\"ltr\" style=\"text-align: center;\">Acontece em Novembro o lan\u00e7amento do Novo Cluster Produtivo de Moda e Fashion em Jacare\u00ed e a Interagere apoia esse projeto!<\/h2>\n<p><a href=\"https:\/\/interagere.com.br\/site\/wp-content\/uploads\/2024\/11\/WhatsApp-Image-2024-11-07-at-16.27.55.jpeg\"><img fetchpriority=\"high\" decoding=\"async\" class=\"wp-image-1833 aligncenter\" src=\"https:\/\/interagere.com.br\/site\/wp-content\/uploads\/2024\/11\/WhatsApp-Image-2024-11-07-at-16.27.55.jpeg\" alt=\"\" width=\"513\" height=\"191\" srcset=\"https:\/\/interagere.com.br\/site\/wp-content\/uploads\/2024\/11\/WhatsApp-Image-2024-11-07-at-16.27.55.jpeg 454w, https:\/\/interagere.com.br\/site\/wp-content\/uploads\/2024\/11\/WhatsApp-Image-2024-11-07-at-16.27.55-300x112.jpeg 300w\" sizes=\"(max-width: 513px) 100vw, 513px\" \/><\/a><\/p>\n<p class=\"selectable-text copyable-text x15bjb6t x1n2onr6\" dir=\"ltr\"><span class=\"selectable-text copyable-text\">A Prefeitura de Jacare\u00ed-SP e o ecossistema produtivo e comunit\u00e1rio local, promovem a 2\u00aa edi\u00e7\u00e3o do Jacare\u00ed Fashion Days (JFD), nos dias 18 e 19 de novembro, no Teatro Ariano Suassuna, localizado na Avenida Engenheiro Davi Monteiro Lino, 3595 \u2013 Jardim Marcondes.<\/span><\/p>\n<blockquote>\n<h4 class=\"selectable-text copyable-text x15bjb6t x1n2onr6\" dir=\"ltr\" style=\"text-align: center;\"><span class=\"selectable-text copyable-text\">O evento busca destacar talentos locais e incentivar o desenvolvimento do Polo da Moda em Jacare\u00ed, reconhecido como CPL &#8211; Cluster de Moda do Estado de SP, formado por designers, estilistas, costureiros profissionais e consultores de moda, empreendedores e empresas tradicionais do setor.<\/span><\/h4>\n<\/blockquote>\n<p dir=\"ltr\">Os interessados em participar da <span class=\"selectable-text copyable-text\">2\u00aa edi\u00e7\u00e3o do Jacare\u00ed Fashion Days (JFD), nos dias 18 e 19 de novembro, no Teatro Ariano Suassuna, localizado na Avenida Engenheiro Davi Monteiro Lino, 3595 \u2013 Jardim Marcondes <\/span>devem fazer a\u00a0<a href=\"https:\/\/www.sympla.com.br\/evento\/jacarei-fashion-days-2024\/2719686\" target=\"_blank\" rel=\"noopener\">reserva de forma on-line<\/a>. O ingresso \u00e9 gratuito, mas a Prefeitura pede a doa\u00e7\u00e3o de 2kg de alimentos n\u00e3o perec\u00edveis nos dois dias, que ser\u00e3o destinados ao Hospital S\u00e3o Francisco de Assis e \u00e0 ONG Casa da Alegria, institui\u00e7\u00f5es locais que prestam assist\u00eancia \u00e0 comunidade.<\/p>\n<p dir=\"ltr\">E como fortalecimento da Cadeia Produtiva de Moda local, a Interagere vai al\u00e9m do patroc\u00ednio ao evento JFD &#8211; Jacare\u00ed Fashion Days 2024, para o apoio ao desenvolvimento e Planejamento Estrat\u00e9gico das organiza\u00e7\u00f5es participantes: oferecemos alugns pacotes promocionais para o Planejamento Estrat\u00e9gico de Participantes dessa cadeia produtiva.<\/p>\n<blockquote>\n<p dir=\"ltr\">Dessa forma, a JFD que j\u00e1 \u00e9 excelente, representa tamb\u00e9m, parte de algo maior: o lan\u00e7amento de uma Jornada Fashion da Cadeia Produtiva Local t\u00eaxtil e moda de Jacare\u00ed e regi\u00e3o do Vale do Para\u00edba-SP!<\/p>\n<\/blockquote>\n<h5 dir=\"ltr\" style=\"text-align: left;\"><a href=\"https:\/\/interagere.com.br\/site\/wp-content\/uploads\/2024\/11\/ParceriaJFD_Interagere_2024.jpg\"><img decoding=\"async\" class=\"alignleft size-full wp-image-1834\" src=\"https:\/\/interagere.com.br\/site\/wp-content\/uploads\/2024\/11\/ParceriaJFD_Interagere_2024.jpg\" alt=\"\" width=\"1600\" height=\"799\" srcset=\"https:\/\/interagere.com.br\/site\/wp-content\/uploads\/2024\/11\/ParceriaJFD_Interagere_2024.jpg 1600w, https:\/\/interagere.com.br\/site\/wp-content\/uploads\/2024\/11\/ParceriaJFD_Interagere_2024-300x150.jpg 300w, https:\/\/interagere.com.br\/site\/wp-content\/uploads\/2024\/11\/ParceriaJFD_Interagere_2024-1024x511.jpg 1024w, https:\/\/interagere.com.br\/site\/wp-content\/uploads\/2024\/11\/ParceriaJFD_Interagere_2024-768x384.jpg 768w, https:\/\/interagere.com.br\/site\/wp-content\/uploads\/2024\/11\/ParceriaJFD_Interagere_2024-1536x767.jpg 1536w\" sizes=\"(max-width: 1600px) 100vw, 1600px\" \/><\/a><\/h5>\n<h5 dir=\"ltr\"><\/h5>\n<h4 dir=\"ltr\" style=\"text-align: center;\">A Interagere\u00ae apoia a Estrat\u00e9gia de empreendedorismo, lideran\u00e7a e excel\u00eancia<\/h4>\n<h6 dir=\"ltr\" style=\"text-align: left;\">Para fortalecer a cadeia produtiva e os profissionais, no ambiente Fashion de Jacare\u00ed, de SP e do Brasil!<br \/>\nOferecendo Mentoria ou Consultoria em Planejamento Estrat\u00e9gico<br \/>\nDesconto exclusivo em 10 horas, para voc\u00ea e sua empresa, ind\u00fastria, confec\u00e7\u00f5es ou com\u00e9rcio participante desse CPL Fashion de Jacare\u00ed!<br \/>\nPoucas vagas com desconto para a Mentoria ou Consultoria: <a href=\"https:\/\/api.whatsapp.com\/send?phone=5512997400310\">Clique aqui e Reserve Agora<\/a>!<br \/>\nOu fale conosco: <a href=\"https:\/\/api.whatsapp.com\/send?phone=5512997400310\">12 9 9740-0310<\/a><\/h6>\n<blockquote>\n<h3 style=\"text-align: center;\">PREENCHA O CADASTRO E PARTICIPE DA MENTORIA OU CONSULTORIA EM PLANEJAMENTO ESTRAT\u00c9GICO COM A INTERAGERE \u00ae<\/h3>\n<p>Ao preencher o cadastro, voc\u00ea estar\u00e1 nos concedendo autoriza\u00e7\u00e3o conforme LGPD para lhe enviarmos informa\u00e7\u00f5es e entrarmos em contato:<\/p>\n<hr \/>\n\n<div class=\"wpcf7 no-js\" id=\"wpcf7-f576-o1\" lang=\"pt-BR\" dir=\"ltr\" data-wpcf7-id=\"576\">\n<div class=\"screen-reader-response\"><p role=\"status\" aria-live=\"polite\" aria-atomic=\"true\"><\/p> <ul><\/ul><\/div>\n<form action=\"\/site\/wp-json\/wp\/v2\/posts\/1832#wpcf7-f576-o1\" method=\"post\" class=\"wpcf7-form init\" aria-label=\"Formul\u00e1rios de contato\" novalidate=\"novalidate\" data-status=\"init\">\n<fieldset class=\"hidden-fields-container\"><input type=\"hidden\" name=\"_wpcf7\" value=\"576\" \/><input type=\"hidden\" name=\"_wpcf7_version\" value=\"6.1.5\" \/><input type=\"hidden\" name=\"_wpcf7_locale\" value=\"pt_BR\" \/><input type=\"hidden\" name=\"_wpcf7_unit_tag\" value=\"wpcf7-f576-o1\" \/><input type=\"hidden\" name=\"_wpcf7_container_post\" value=\"0\" \/><input type=\"hidden\" name=\"_wpcf7_posted_data_hash\" value=\"\" \/>\n<\/fieldset>\n<p><i class=\"fa fa-user fa-lg\"><\/i>&nbsp;&nbsp;<span class=\"wpcf7-form-control-wrap\" data-name=\"nomeempresa\"><input size=\"40\" maxlength=\"400\" class=\"wpcf7-form-control wpcf7-text wpcf7-validates-as-required\" aria-required=\"true\" aria-invalid=\"false\" placeholder=\"Insira seu nome\" value=\"\" type=\"text\" name=\"nomeempresa\" \/><\/span><br \/>\n<i class=\"fa fa-wrench fa-lg\"><\/i>&nbsp;&nbsp;<span class=\"wpcf7-form-control-wrap\" data-name=\"Seunome\"><input size=\"40\" maxlength=\"400\" class=\"wpcf7-form-control wpcf7-text wpcf7-validates-as-required\" aria-required=\"true\" aria-invalid=\"false\" placeholder=\"Insira seu cargo\" value=\"\" type=\"text\" name=\"Seunome\" \/><\/span><br \/>\n<i class=\"fa fa-home fa-lg\"><\/i>&nbsp;&nbsp;<span class=\"wpcf7-form-control-wrap\" data-name=\"seucargo\"><input size=\"40\" maxlength=\"400\" class=\"wpcf7-form-control wpcf7-text wpcf7-validates-as-required\" aria-required=\"true\" aria-invalid=\"false\" placeholder=\"Nome da empresa\" value=\"\" type=\"text\" name=\"seucargo\" \/><\/span><br \/>\n<i class=\"fa fa-fax fa-lg\"><\/i>&nbsp;&nbsp;<span class=\"wpcf7-form-control-wrap\" data-name=\"seutelefone\"><input size=\"40\" maxlength=\"400\" class=\"wpcf7-form-control wpcf7-text wpcf7-validates-as-required\" aria-required=\"true\" aria-invalid=\"false\" placeholder=\"Insira seu telefone\" value=\"\" type=\"text\" name=\"seutelefone\" \/><\/span><br \/>\n<i class=\"fa fa-envelope fa-lg\"><\/i>&nbsp; <span class=\"wpcf7-form-control-wrap\" data-name=\"seuemail\"><input size=\"40\" maxlength=\"400\" class=\"wpcf7-form-control wpcf7-text wpcf7-validates-as-required\" aria-required=\"true\" aria-invalid=\"false\" placeholder=\"Insira seu e-mail\" value=\"\" type=\"text\" name=\"seuemail\" \/><\/span><br \/>\n<span class=\"wpcf7-form-control-wrap\" data-name=\"mensagem\"><textarea cols=\"40\" rows=\"10\" maxlength=\"2000\" class=\"wpcf7-form-control wpcf7-textarea\" aria-invalid=\"false\" placeholder=\"Iremos entrar em contato. \nE se desejar, conte um pouco sobre a experi\u00eancia e expectativas para sua Empresa ou para Voc\u00ea...\" name=\"mensagem\"><\/textarea><\/span>\n<\/p>\n<p><input class=\"wpcf7-form-control wpcf7-submit has-spinner\" type=\"submit\" value=\"Enviar cadastro\" \/>\n<\/p><div class=\"wpcf7-response-output\" aria-hidden=\"true\"><\/div>\n<\/form>\n<\/div>\n<\/blockquote>\n","protected":false},"excerpt":{"rendered":"<p>Acontece em Novembro o lan\u00e7amento do Novo Cluster Produtivo de Moda e Fashion em Jacare\u00ed e a Interagere apoia esse projeto! A Prefeitura de Jacare\u00ed-SP e o ecossistema produtivo e comunit\u00e1rio local,<a class=\"moretag\" href=\"https:\/\/interagere.com.br\/site\/novo-cluster-produtivo-em-jacarei-a-interagere-apoia-esse-projeto\/\">Read More&#8230;<\/a><\/p>\n","protected":false},"author":2,"featured_media":1834,"comment_status":"closed","ping_status":"closed","sticky":false,"template":"","format":"standard","meta":{"_mo_disable_npp":"","footnotes":""},"categories":[12],"tags":[],"class_list":["post-1832","post","type-post","status-publish","format-standard","has-post-thumbnail","hentry","category-excelencia"],"yoast_head":"<!-- This site is optimized with the Yoast SEO plugin v27.2 - https:\/\/yoast.com\/product\/yoast-seo-wordpress\/ -->\n<title>Novo Cluster Produtivo em Jacare\u00ed - A Interagere\u00ae apoia! - INTERAGERE<\/title>\n<meta name=\"robots\" content=\"index, follow, max-snippet:-1, max-image-preview:large, max-video-preview:-1\" \/>\n<link rel=\"canonical\" href=\"https:\/\/interagere.com.br\/site\/novo-cluster-produtivo-em-jacarei-a-interagere-apoia-esse-projeto\/\" \/>\n<meta property=\"og:locale\" content=\"pt_BR\" \/>\n<meta property=\"og:type\" content=\"article\" \/>\n<meta property=\"og:title\" content=\"Novo Cluster Produtivo em Jacare\u00ed - A Interagere\u00ae apoia! - INTERAGERE\" \/>\n<meta property=\"og:description\" content=\"Acontece em Novembro o lan\u00e7amento do Novo Cluster Produtivo de Moda e Fashion em Jacare\u00ed e a Interagere apoia esse projeto! A Prefeitura de Jacare\u00ed-SP e o ecossistema produtivo e comunit\u00e1rio local,Read More...\" \/>\n<meta property=\"og:url\" content=\"https:\/\/interagere.com.br\/site\/novo-cluster-produtivo-em-jacarei-a-interagere-apoia-esse-projeto\/\" \/>\n<meta property=\"og:site_name\" content=\"INTERAGERE\" \/>\n<meta property=\"article:published_time\" content=\"2024-11-07T19:57:45+00:00\" \/>\n<meta property=\"article:modified_time\" content=\"2024-11-18T11:11:42+00:00\" \/>\n<meta property=\"og:image\" content=\"https:\/\/interagere.com.br\/site\/wp-content\/uploads\/2024\/11\/ParceriaJFD_Interagere_2024.jpg\" \/>\n\t<meta property=\"og:image:width\" content=\"1600\" \/>\n\t<meta property=\"og:image:height\" content=\"799\" \/>\n\t<meta property=\"og:image:type\" content=\"image\/jpeg\" \/>\n<meta name=\"author\" content=\"Anderson Sa\" \/>\n<meta name=\"twitter:card\" content=\"summary_large_image\" \/>\n<meta name=\"twitter:label1\" content=\"Escrito por\" \/>\n\t<meta name=\"twitter:data1\" content=\"Anderson Sa\" \/>\n\t<meta name=\"twitter:label2\" content=\"Est. tempo de leitura\" \/>\n\t<meta name=\"twitter:data2\" content=\"3 minutos\" \/>\n<script type=\"application\/ld+json\" class=\"yoast-schema-graph\">{\"@context\":\"https:\/\/schema.org\",\"@graph\":[{\"@type\":\"Article\",\"@id\":\"https:\/\/interagere.com.br\/site\/novo-cluster-produtivo-em-jacarei-a-interagere-apoia-esse-projeto\/#article\",\"isPartOf\":{\"@id\":\"https:\/\/interagere.com.br\/site\/novo-cluster-produtivo-em-jacarei-a-interagere-apoia-esse-projeto\/\"},\"author\":{\"name\":\"Anderson Sa\",\"@id\":\"https:\/\/interagere.com.br\/site\/#\/schema\/person\/643441cf8e1f1d19bc3ca88596f9228e\"},\"headline\":\"Novo Cluster Produtivo em Jacare\u00ed &#8211; A Interagere\u00ae apoia!\",\"datePublished\":\"2024-11-07T19:57:45+00:00\",\"dateModified\":\"2024-11-18T11:11:42+00:00\",\"mainEntityOfPage\":{\"@id\":\"https:\/\/interagere.com.br\/site\/novo-cluster-produtivo-em-jacarei-a-interagere-apoia-esse-projeto\/\"},\"wordCount\":406,\"image\":{\"@id\":\"https:\/\/interagere.com.br\/site\/novo-cluster-produtivo-em-jacarei-a-interagere-apoia-esse-projeto\/#primaryimage\"},\"thumbnailUrl\":\"https:\/\/interagere.com.br\/site\/wp-content\/uploads\/2024\/11\/ParceriaJFD_Interagere_2024.jpg\",\"articleSection\":[\"Excel\u00eancia\"],\"inLanguage\":\"pt-BR\"},{\"@type\":\"WebPage\",\"@id\":\"https:\/\/interagere.com.br\/site\/novo-cluster-produtivo-em-jacarei-a-interagere-apoia-esse-projeto\/\",\"url\":\"https:\/\/interagere.com.br\/site\/novo-cluster-produtivo-em-jacarei-a-interagere-apoia-esse-projeto\/\",\"name\":\"Novo Cluster Produtivo em Jacare\u00ed - A Interagere\u00ae apoia! - INTERAGERE\",\"isPartOf\":{\"@id\":\"https:\/\/interagere.com.br\/site\/#website\"},\"primaryImageOfPage\":{\"@id\":\"https:\/\/interagere.com.br\/site\/novo-cluster-produtivo-em-jacarei-a-interagere-apoia-esse-projeto\/#primaryimage\"},\"image\":{\"@id\":\"https:\/\/interagere.com.br\/site\/novo-cluster-produtivo-em-jacarei-a-interagere-apoia-esse-projeto\/#primaryimage\"},\"thumbnailUrl\":\"https:\/\/interagere.com.br\/site\/wp-content\/uploads\/2024\/11\/ParceriaJFD_Interagere_2024.jpg\",\"datePublished\":\"2024-11-07T19:57:45+00:00\",\"dateModified\":\"2024-11-18T11:11:42+00:00\",\"author\":{\"@id\":\"https:\/\/interagere.com.br\/site\/#\/schema\/person\/643441cf8e1f1d19bc3ca88596f9228e\"},\"breadcrumb\":{\"@id\":\"https:\/\/interagere.com.br\/site\/novo-cluster-produtivo-em-jacarei-a-interagere-apoia-esse-projeto\/#breadcrumb\"},\"inLanguage\":\"pt-BR\",\"potentialAction\":[{\"@type\":\"ReadAction\",\"target\":[\"https:\/\/interagere.com.br\/site\/novo-cluster-produtivo-em-jacarei-a-interagere-apoia-esse-projeto\/\"]}]},{\"@type\":\"ImageObject\",\"inLanguage\":\"pt-BR\",\"@id\":\"https:\/\/interagere.com.br\/site\/novo-cluster-produtivo-em-jacarei-a-interagere-apoia-esse-projeto\/#primaryimage\",\"url\":\"https:\/\/interagere.com.br\/site\/wp-content\/uploads\/2024\/11\/ParceriaJFD_Interagere_2024.jpg\",\"contentUrl\":\"https:\/\/interagere.com.br\/site\/wp-content\/uploads\/2024\/11\/ParceriaJFD_Interagere_2024.jpg\",\"width\":1600,\"height\":799},{\"@type\":\"BreadcrumbList\",\"@id\":\"https:\/\/interagere.com.br\/site\/novo-cluster-produtivo-em-jacarei-a-interagere-apoia-esse-projeto\/#breadcrumb\",\"itemListElement\":[{\"@type\":\"ListItem\",\"position\":1,\"name\":\"In\u00edcio\",\"item\":\"https:\/\/interagere.com.br\/site\/\"},{\"@type\":\"ListItem\",\"position\":2,\"name\":\"Novo Cluster Produtivo em Jacare\u00ed &#8211; A Interagere\u00ae apoia!\"}]},{\"@type\":\"WebSite\",\"@id\":\"https:\/\/interagere.com.br\/site\/#website\",\"url\":\"https:\/\/interagere.com.br\/site\/\",\"name\":\"INTERAGERE\",\"description\":\"Seu Parceiro Premium de Excel\u00eancia - +55 (12) 4141.0123 - Assessoria e Treinamento em: Gest\u00e3o, Competitividade, Qualidade, Projetos, Lean, 6 Sigma, Inova\u00e7\u00e3o\",\"potentialAction\":[{\"@type\":\"SearchAction\",\"target\":{\"@type\":\"EntryPoint\",\"urlTemplate\":\"https:\/\/interagere.com.br\/site\/?s={search_term_string}\"},\"query-input\":{\"@type\":\"PropertyValueSpecification\",\"valueRequired\":true,\"valueName\":\"search_term_string\"}}],\"inLanguage\":\"pt-BR\"},{\"@type\":\"Person\",\"@id\":\"https:\/\/interagere.com.br\/site\/#\/schema\/person\/643441cf8e1f1d19bc3ca88596f9228e\",\"name\":\"Anderson Sa\",\"image\":{\"@type\":\"ImageObject\",\"inLanguage\":\"pt-BR\",\"@id\":\"https:\/\/secure.gravatar.com\/avatar\/beb780ed6ffec8eea086811954831aae0c32478d2709e5a91fa98b0f3aabd52b?s=96&d=mm&r=g\",\"url\":\"https:\/\/secure.gravatar.com\/avatar\/beb780ed6ffec8eea086811954831aae0c32478d2709e5a91fa98b0f3aabd52b?s=96&d=mm&r=g\",\"contentUrl\":\"https:\/\/secure.gravatar.com\/avatar\/beb780ed6ffec8eea086811954831aae0c32478d2709e5a91fa98b0f3aabd52b?s=96&d=mm&r=g\",\"caption\":\"Anderson Sa\"},\"url\":\"https:\/\/interagere.com.br\/site\/author\/anderson\/\"}]}<\/script>\n<!-- \/ Yoast SEO plugin. -->","yoast_head_json":{"title":"Novo Cluster Produtivo em Jacare\u00ed - A Interagere\u00ae apoia! - INTERAGERE","robots":{"index":"index","follow":"follow","max-snippet":"max-snippet:-1","max-image-preview":"max-image-preview:large","max-video-preview":"max-video-preview:-1"},"canonical":"https:\/\/interagere.com.br\/site\/novo-cluster-produtivo-em-jacarei-a-interagere-apoia-esse-projeto\/","og_locale":"pt_BR","og_type":"article","og_title":"Novo Cluster Produtivo em Jacare\u00ed - A Interagere\u00ae apoia! - INTERAGERE","og_description":"Acontece em Novembro o lan\u00e7amento do Novo Cluster Produtivo de Moda e Fashion em Jacare\u00ed e a Interagere apoia esse projeto! A Prefeitura de Jacare\u00ed-SP e o ecossistema produtivo e comunit\u00e1rio local,Read More...","og_url":"https:\/\/interagere.com.br\/site\/novo-cluster-produtivo-em-jacarei-a-interagere-apoia-esse-projeto\/","og_site_name":"INTERAGERE","article_published_time":"2024-11-07T19:57:45+00:00","article_modified_time":"2024-11-18T11:11:42+00:00","og_image":[{"width":1600,"height":799,"url":"https:\/\/interagere.com.br\/site\/wp-content\/uploads\/2024\/11\/ParceriaJFD_Interagere_2024.jpg","type":"image\/jpeg"}],"author":"Anderson Sa","twitter_card":"summary_large_image","twitter_misc":{"Escrito por":"Anderson Sa","Est. tempo de leitura":"3 minutos"},"schema":{"@context":"https:\/\/schema.org","@graph":[{"@type":"Article","@id":"https:\/\/interagere.com.br\/site\/novo-cluster-produtivo-em-jacarei-a-interagere-apoia-esse-projeto\/#article","isPartOf":{"@id":"https:\/\/interagere.com.br\/site\/novo-cluster-produtivo-em-jacarei-a-interagere-apoia-esse-projeto\/"},"author":{"name":"Anderson Sa","@id":"https:\/\/interagere.com.br\/site\/#\/schema\/person\/643441cf8e1f1d19bc3ca88596f9228e"},"headline":"Novo Cluster Produtivo em Jacare\u00ed &#8211; A Interagere\u00ae apoia!","datePublished":"2024-11-07T19:57:45+00:00","dateModified":"2024-11-18T11:11:42+00:00","mainEntityOfPage":{"@id":"https:\/\/interagere.com.br\/site\/novo-cluster-produtivo-em-jacarei-a-interagere-apoia-esse-projeto\/"},"wordCount":406,"image":{"@id":"https:\/\/interagere.com.br\/site\/novo-cluster-produtivo-em-jacarei-a-interagere-apoia-esse-projeto\/#primaryimage"},"thumbnailUrl":"https:\/\/interagere.com.br\/site\/wp-content\/uploads\/2024\/11\/ParceriaJFD_Interagere_2024.jpg","articleSection":["Excel\u00eancia"],"inLanguage":"pt-BR"},{"@type":"WebPage","@id":"https:\/\/interagere.com.br\/site\/novo-cluster-produtivo-em-jacarei-a-interagere-apoia-esse-projeto\/","url":"https:\/\/interagere.com.br\/site\/novo-cluster-produtivo-em-jacarei-a-interagere-apoia-esse-projeto\/","name":"Novo Cluster Produtivo em Jacare\u00ed - A Interagere\u00ae apoia! - INTERAGERE","isPartOf":{"@id":"https:\/\/interagere.com.br\/site\/#website"},"primaryImageOfPage":{"@id":"https:\/\/interagere.com.br\/site\/novo-cluster-produtivo-em-jacarei-a-interagere-apoia-esse-projeto\/#primaryimage"},"image":{"@id":"https:\/\/interagere.com.br\/site\/novo-cluster-produtivo-em-jacarei-a-interagere-apoia-esse-projeto\/#primaryimage"},"thumbnailUrl":"https:\/\/interagere.com.br\/site\/wp-content\/uploads\/2024\/11\/ParceriaJFD_Interagere_2024.jpg","datePublished":"2024-11-07T19:57:45+00:00","dateModified":"2024-11-18T11:11:42+00:00","author":{"@id":"https:\/\/interagere.com.br\/site\/#\/schema\/person\/643441cf8e1f1d19bc3ca88596f9228e"},"breadcrumb":{"@id":"https:\/\/interagere.com.br\/site\/novo-cluster-produtivo-em-jacarei-a-interagere-apoia-esse-projeto\/#breadcrumb"},"inLanguage":"pt-BR","potentialAction":[{"@type":"ReadAction","target":["https:\/\/interagere.com.br\/site\/novo-cluster-produtivo-em-jacarei-a-interagere-apoia-esse-projeto\/"]}]},{"@type":"ImageObject","inLanguage":"pt-BR","@id":"https:\/\/interagere.com.br\/site\/novo-cluster-produtivo-em-jacarei-a-interagere-apoia-esse-projeto\/#primaryimage","url":"https:\/\/interagere.com.br\/site\/wp-content\/uploads\/2024\/11\/ParceriaJFD_Interagere_2024.jpg","contentUrl":"https:\/\/interagere.com.br\/site\/wp-content\/uploads\/2024\/11\/ParceriaJFD_Interagere_2024.jpg","width":1600,"height":799},{"@type":"BreadcrumbList","@id":"https:\/\/interagere.com.br\/site\/novo-cluster-produtivo-em-jacarei-a-interagere-apoia-esse-projeto\/#breadcrumb","itemListElement":[{"@type":"ListItem","position":1,"name":"In\u00edcio","item":"https:\/\/interagere.com.br\/site\/"},{"@type":"ListItem","position":2,"name":"Novo Cluster Produtivo em Jacare\u00ed &#8211; A Interagere\u00ae apoia!"}]},{"@type":"WebSite","@id":"https:\/\/interagere.com.br\/site\/#website","url":"https:\/\/interagere.com.br\/site\/","name":"INTERAGERE","description":"Seu Parceiro Premium de Excel\u00eancia - +55 (12) 4141.0123 - Assessoria e Treinamento em: Gest\u00e3o, Competitividade, Qualidade, Projetos, Lean, 6 Sigma, Inova\u00e7\u00e3o","potentialAction":[{"@type":"SearchAction","target":{"@type":"EntryPoint","urlTemplate":"https:\/\/interagere.com.br\/site\/?s={search_term_string}"},"query-input":{"@type":"PropertyValueSpecification","valueRequired":true,"valueName":"search_term_string"}}],"inLanguage":"pt-BR"},{"@type":"Person","@id":"https:\/\/interagere.com.br\/site\/#\/schema\/person\/643441cf8e1f1d19bc3ca88596f9228e","name":"Anderson Sa","image":{"@type":"ImageObject","inLanguage":"pt-BR","@id":"https:\/\/secure.gravatar.com\/avatar\/beb780ed6ffec8eea086811954831aae0c32478d2709e5a91fa98b0f3aabd52b?s=96&d=mm&r=g","url":"https:\/\/secure.gravatar.com\/avatar\/beb780ed6ffec8eea086811954831aae0c32478d2709e5a91fa98b0f3aabd52b?s=96&d=mm&r=g","contentUrl":"https:\/\/secure.gravatar.com\/avatar\/beb780ed6ffec8eea086811954831aae0c32478d2709e5a91fa98b0f3aabd52b?s=96&d=mm&r=g","caption":"Anderson Sa"},"url":"https:\/\/interagere.com.br\/site\/author\/anderson\/"}]}},"_links":{"self":[{"href":"https:\/\/interagere.com.br\/site\/wp-json\/wp\/v2\/posts\/1832","targetHints":{"allow":["GET"]}}],"collection":[{"href":"https:\/\/interagere.com.br\/site\/wp-json\/wp\/v2\/posts"}],"about":[{"href":"https:\/\/interagere.com.br\/site\/wp-json\/wp\/v2\/types\/post"}],"author":[{"embeddable":true,"href":"https:\/\/interagere.com.br\/site\/wp-json\/wp\/v2\/users\/2"}],"replies":[{"embeddable":true,"href":"https:\/\/interagere.com.br\/site\/wp-json\/wp\/v2\/comments?post=1832"}],"version-history":[{"count":18,"href":"https:\/\/interagere.com.br\/site\/wp-json\/wp\/v2\/posts\/1832\/revisions"}],"predecessor-version":[{"id":1860,"href":"https:\/\/interagere.com.br\/site\/wp-json\/wp\/v2\/posts\/1832\/revisions\/1860"}],"wp:featuredmedia":[{"embeddable":true,"href":"https:\/\/interagere.com.br\/site\/wp-json\/wp\/v2\/media\/1834"}],"wp:attachment":[{"href":"https:\/\/interagere.com.br\/site\/wp-json\/wp\/v2\/media?parent=1832"}],"wp:term":[{"taxonomy":"category","embeddable":true,"href":"https:\/\/interagere.com.br\/site\/wp-json\/wp\/v2\/categories?post=1832"},{"taxonomy":"post_tag","embeddable":true,"href":"https:\/\/interagere.com.br\/site\/wp-json\/wp\/v2\/tags?post=1832"}],"curies":[{"name":"wp","href":"https:\/\/api.w.org\/{rel}","templated":true}]}}