{"id":1072,"date":"2021-02-11T15:05:44","date_gmt":"2021-02-11T18:05:44","guid":{"rendered":"https:\/\/interagere.com.br\/site\/?p=1072"},"modified":"2021-11-09T16:21:19","modified_gmt":"2021-11-09T19:21:19","slug":"tempo-planejado-para-melhorias-quanto-alocou-em-2020-e-2021","status":"publish","type":"post","link":"https:\/\/interagere.com.br\/site\/tempo-planejado-para-melhorias-quanto-alocou-em-2020-e-2021\/","title":{"rendered":"Tempo Planejado para Melhorias: Quanto alocou em 2020? E 2021?"},"content":{"rendered":"\r\n<h2 class=\"wp-block-heading\"><strong>Genba, Gemba ou Guemba&#8230;<\/strong><\/h2>\r\n\r\n\r\n\r\n<p>&#8230;\u00c9 como no Lean Manufacturing, Manufatura Enxuta ou Sistema Toyota, denominamos ao:\u00a0<strong>Lugar onde as coisas acontecem!<\/strong><\/p>\r\n\r\n\r\n\r\n\r\n\r\n<p>Em geral, uma empresa ou empreendimento:<img fetchpriority=\"high\" decoding=\"async\" class=\" wp-image-1160 alignright\" src=\"https:\/\/interagere.com.br\/site\/wp-content\/uploads\/2021\/02\/Genba1-300x200.jpg\" alt=\"\" width=\"342\" height=\"229\" srcset=\"https:\/\/interagere.com.br\/site\/wp-content\/uploads\/2021\/02\/Genba1-300x200.jpg 300w, https:\/\/interagere.com.br\/site\/wp-content\/uploads\/2021\/02\/Genba1-1024x683.jpg 1024w, https:\/\/interagere.com.br\/site\/wp-content\/uploads\/2021\/02\/Genba1-768x512.jpg 768w, https:\/\/interagere.com.br\/site\/wp-content\/uploads\/2021\/02\/Genba1.jpg 1080w\" sizes=\"(max-width: 342px) 100vw, 342px\" \/><\/p>\r\n\r\n\r\n\r\n<p>\u00b7\u00a0\u00a0\u00a0\u00a0\u00a0\u00a0transforma,<\/p>\r\n\r\n\r\n\r\n<p>\u00b7\u00a0\u00a0\u00a0\u00a0\u00a0\u00a0fabrica,<\/p>\r\n\r\n\r\n\r\n<p>\u00b7\u00a0\u00a0\u00a0\u00a0\u00a0\u00a0cria ou<\/p>\r\n\r\n\r\n\r\n<p>\u00b7\u00a0\u00a0\u00a0\u00a0\u00a0\u00a0produz<\/p>\r\n\r\n\r\n\r\n<p>itens, coisas, conte\u00fados que chamamos de valor, com o objetivo de gerar renda e capital.<\/p>\r\n\r\n\r\n\r\n<p>E\u00a0<strong>\u201cValor\u201d<\/strong>\u00a0\u00e9 aquilo pelo qual o(a) cliente se disp\u00f5em a pagar.<\/p>\r\n\r\n\r\n\r\n<p>No Lean, o lugar onde fazemos surgir ou acontecer esse valor, \u00e9 o que denominamos: Genba.<\/p>\r\n\r\n\r\n\r\n<div class=\"wp-block-image\">\r\n<figure class=\"alignright size-large is-resized\"><img decoding=\"async\" class=\"wp-image-1073\" src=\"https:\/\/interagere.com.br\/site\/wp-content\/uploads\/2021\/02\/Escritorio1.jpg\" alt=\"\" width=\"449\" height=\"300\" srcset=\"https:\/\/interagere.com.br\/site\/wp-content\/uploads\/2021\/02\/Escritorio1.jpg 1025w, https:\/\/interagere.com.br\/site\/wp-content\/uploads\/2021\/02\/Escritorio1-300x200.jpg 300w, https:\/\/interagere.com.br\/site\/wp-content\/uploads\/2021\/02\/Escritorio1-768x512.jpg 768w\" sizes=\"(max-width: 449px) 100vw, 449px\" \/><\/figure>\r\n<\/div>\r\n\r\n\r\n\r\n<blockquote class=\"wp-block-quote is-layout-flow wp-block-quote-is-layout-flow\">\r\n<p><strong>O Genba de um manobrista, \u00e9 a portaria e estacionamento.<\/strong><\/p>\r\n<\/blockquote>\r\n\r\n\r\n\r\n<blockquote class=\"wp-block-quote is-layout-flow wp-block-quote-is-layout-flow\">\r\n<p><strong>O de um gar\u00e7om, o sal\u00e3o e as mesas.<\/strong><\/p>\r\n<\/blockquote>\r\n\r\n\r\n\r\n<blockquote class=\"wp-block-quote is-layout-flow wp-block-quote-is-layout-flow\">\r\n<p><strong>Enquanto o Genba do pizzaiolo, seria a cozinha e o forno.<\/strong><\/p>\r\n<\/blockquote>\r\n\r\n\r\n\r\n<p>Esses processos e locais:<\/p>\r\n\r\n\r\n\r\n<p>escrit\u00f3rios, opera\u00e7\u00f5es, f\u00e1brica, salas, instala\u00e7\u00f5es, ambientes internos ou externos.<\/p>\r\n\r\n\r\n\r\n<p class=\"has-text-align-center has-medium-font-size\"><strong>Enfim todo local onde realmente agrega valor, s\u00e3o fundamentais para a exist\u00eancia e continuidade da empresa ou neg\u00f3cio.<\/strong><br \/><br \/><strong>Mas, para que essas pessoas possam agregar, gerar ou incluir valor como o cliente deseja, outros recursos, \u00e1reas e profissionais s\u00e3o necess\u00e1rios.<\/strong><\/p>\r\n\r\n\r\n\r\n<p>Chamamos de \u00e1reas e equipes de apoio, \u00e1reas indiretas e \u00e1reas transacionais.<\/p>\r\n\r\n\r\n\r\n<p>Ent\u00e3o, o capital ($) \u00e9 gerado nas \u00e1reas que diretamente agregam valor! Enquanto, a margem de resultados, \u00e9 afetada por essas \u00e1reas adicionais!<\/p>\r\n\r\n\r\n\r\n<p>Cada minuto parado em atividade-chave representa um, ou v\u00e1rios, minutos perdidos na produtividade da empresa.<\/p>\r\n\r\n\r\n\r\n<p>Assim, o tempo de resposta das pessoas e equipes das \u00e1reas de apoio, tem impacto significativo na velocidade e na capacidade de produzir-se o valor, que ser\u00e1 vendido e entregue aos clientes.<\/p>\r\n\r\n\r\n\r\n<blockquote class=\"wp-block-quote is-layout-flow wp-block-quote-is-layout-flow\">\r\n<p>Ent\u00e3o, qual a agilidade HOJE, de suas equipes\u00a0de apoio, para responderem \u00e0 necessidades das \u00e1reas que agregam valor?<\/p>\r\n<\/blockquote>\r\n\r\n\r\n\r\n<p>Nesse conceito, a m\u00e9trica que na Interagere<sup>\u00ae<\/sup> propomos \u00e0 ser considerada em cada \u00e1rea ou equipe de apoio em sua empresa \u00e9:<\/p>\r\n\r\n\r\n\r\n<h2 class=\"has-text-align-center has-large-font-size wp-block-heading\">MTTG: Mean Time To be at Genba<\/h2>\r\n\r\n\r\n\r\n<h2 class=\"has-text-align-center wp-block-heading\">&#8211;\u00a0<strong>Qual seria em cada \u00e1rea de apoio de sua empresa, o &#8220;<\/strong>Tempo M\u00e9dio&#8221; para estar no Genba<strong>?<\/strong> Ou seja, no lugar onde as coisas acontecem?<\/h2>\r\n\r\n\r\n\r\n\r\n\r\n<p>Uma vez detectada uma anomalia ou necessidade de apoio nas \u00e1reas que agregam valor, quantos:<\/p>\r\n\r\n\r\n\r\n<p class=\"has-text-align-center has-medium-font-size\"><strong>. segundos,<img decoding=\"async\" class=\"wp-image-1161 alignright\" src=\"https:\/\/interagere.com.br\/site\/wp-content\/uploads\/2021\/02\/cronometro.png\" alt=\"\" width=\"211\" height=\"290\" \/> <\/strong><\/p>\r\n\r\n\r\n\r\n<p class=\"has-text-align-center has-medium-font-size\"><strong>. minutos, <\/strong><\/p>\r\n\r\n\r\n\r\n<p class=\"has-text-align-center has-medium-font-size\"><strong>. horas ou <\/strong><\/p>\r\n\r\n\r\n\r\n<p class=\"has-text-align-center has-medium-font-size\"><strong>. dias, <\/strong><\/p>\r\n\r\n\r\n\r\n<p>seus colaboradores das \u00e1reas de apoio demoram para chegar, visitar e vivenciar o ocorrido no Genba?<\/p>\r\n\r\n\r\n\r\n<p>Quanto essa demora impacta em sua produtividade e sua capacidade de gerar valor?<\/p>\r\n\r\n\r\n\r\n<p>Adicionalmente, uma vez que suas equipes de apoio chegaram ao Genba, qual \u00e9 a efici\u00eancia em repor a capacidade m\u00e1xima de agrega\u00e7\u00e3o de valor, em qualidade e velocidade?<\/p>\r\n\r\n\r\n\r\n<p>Isto \u00e9:\u00a0<\/p>\r\n\r\n\r\n\r\n<figure class=\"wp-block-image alignwide size-large\"><img loading=\"lazy\" decoding=\"async\" width=\"1024\" height=\"576\" class=\"wp-image-1078\" src=\"https:\/\/interagere.com.br\/site\/wp-content\/uploads\/2021\/02\/Tmplte2021_MTATIMTTGMTSP-1024x576.jpg\" alt=\"\" srcset=\"https:\/\/interagere.com.br\/site\/wp-content\/uploads\/2021\/02\/Tmplte2021_MTATIMTTGMTSP-1024x576.jpg 1024w, https:\/\/interagere.com.br\/site\/wp-content\/uploads\/2021\/02\/Tmplte2021_MTATIMTTGMTSP-300x169.jpg 300w, https:\/\/interagere.com.br\/site\/wp-content\/uploads\/2021\/02\/Tmplte2021_MTATIMTTGMTSP-768x432.jpg 768w, https:\/\/interagere.com.br\/site\/wp-content\/uploads\/2021\/02\/Tmplte2021_MTATIMTTGMTSP.jpg 1280w\" sizes=\"(max-width: 1024px) 100vw, 1024px\" \/><\/figure>\r\n\r\n\r\n\r\n<h2 class=\"has-text-align-center has-large-font-size wp-block-heading\">MTTSP &#8211; Mean Time To Solve a Problem<\/h2>\r\n\r\n\r\n\r\n<h2 class=\"has-text-align-center wp-block-heading\">&#8211;\u00a0Q<strong>ual seria o seu &#8220;Tempo M\u00e9dio&#8221; para Solu\u00e7\u00e3o de Problemas?<\/strong><\/h2>\r\n\r\n\r\n\r\n<p>Suas lideran\u00e7as, equipes e colaboradores REALMENTE entendem os conceitos de:<\/p>\r\n\r\n\r\n\r\n<ul class=\"wp-block-list\">\r\n<li>\u201cAgrega\u00e7\u00e3o de Valor\u201d,<\/li>\r\n<li>de \u201cGenba\u201d,<\/li>\r\n<li>de \u201cResposta R\u00e1pida\u201d e<\/li>\r\n<li>de \u201cSolu\u00e7\u00e3o de Problemas\u201d?<\/li>\r\n<\/ul>\r\n\r\n\r\n\r\n<p>E ainda, em seu Planejamento Anual, qual a quantidade de tempo e de Recursos Humanos e materiais foram previstos para serem aplicados em atividades de suporte, solu\u00e7\u00e3o de problemas e melhorias nas \u00e1reas que agregam valor ao seu cliente?<\/p>\r\n\r\n\r\n\r\n<p>Isso \u00e9:<\/p>\r\n\r\n\r\n\r\n<h2 class=\"has-text-align-center has-large-font-size wp-block-heading\">MTATI &#8211; Mean Time Available To Improvements<\/h2>\r\n\r\n\r\n\r\n<h2 class=\"has-text-align-center wp-block-heading\">&#8211;\u00a0Q<strong>ual o &#8220;Tempo Planejado&#8221; para Solu\u00e7\u00e3o de Problemas e Melhorias em sua empresa?<\/strong><\/h2>\r\n\r\n\r\n\r\n<p>H\u00e1 demanda de atividades de Solu\u00e7\u00e3o de Problemas e Melhorias em sua empresa?<\/p>\r\n\r\n\r\n\r\n<p>Ent\u00e3o, no Planejamento de Or\u00e7amento (Budget) de sua empresa, quanto foi alocado para essa atividade em sua empresa?<\/p>\r\n\r\n\r\n\r\n<p>Bem, o Tempo de Resposta \u00e9 um dos pilares chaves para o sucesso (ou fracasso) na competitividade e nas pr\u00e1ticas de excel\u00eancia e de Lean.<\/p>\r\n\r\n\r\n\r\n<blockquote class=\"wp-block-quote is-layout-flow wp-block-quote-is-layout-flow\">\r\n<p>Essas m\u00e9tricas s\u00e3o adotadas \/ medidas em sua empresa?<\/p>\r\n<\/blockquote>\r\n\r\n\r\n\r\n<blockquote class=\"wp-block-quote is-layout-flow wp-block-quote-is-layout-flow\">\r\n<p>Est\u00e3o com n\u00edveis bons o suficiente?<\/p>\r\n<\/blockquote>\r\n\r\n\r\n\r\n<blockquote class=\"wp-block-quote is-layout-flow wp-block-quote-is-layout-flow\">\r\n<p>Sua empresa j\u00e1 \u00e9 refer\u00eancia, otimiza seus resultados e o que chamamos de MTTG, MTTSP e MTATI?<\/p>\r\n<\/blockquote>\r\n\r\n\r\n\r\n<p>Se sim, parab\u00e9ns por estar entre as empresas de refer\u00eancia em seu segmento.<\/p>\r\n\r\n\r\n\r\n<p>Se n\u00e3o, esse pode ser um caminho vantajoso e poss\u00edvel \u00e0 trilhar, rumo \u00e0 lideran\u00e7a e melhores resultados!<\/p>\r\n\r\n\r\n\r\n<p>Que tal adot\u00e1-los?<\/p>\r\n\r\n\r\n\r\n<p>Abs.<\/p>\r\n\r\n\r\n\r\n<p><strong>Equipe Interagere<sup>\u00ae<\/sup><\/strong><\/p>\r\n\r\n\r\n\r\n<p><a href=\"http:\/\/www.interagere.com\/\" target=\"_blank\" rel=\"noreferrer noopener\">www.interagere.com<\/a><\/p>\r\n\r\n\r\n\r\n<p><a href=\"http:\/\/www.excellencespecialist.com.br\" target=\"_blank\" rel=\"noreferrer noopener\">www.excellencespecialist.com.br <\/a><\/p>\r\n\r\n\r\n\r\n<figure class=\"wp-block-image size-large\"><img loading=\"lazy\" decoding=\"async\" width=\"1024\" height=\"1024\" class=\"wp-image-1074\" src=\"https:\/\/interagere.com.br\/site\/wp-content\/uploads\/2021\/02\/ExSpINOVACAO-1024x1024.jpg\" alt=\"\" srcset=\"https:\/\/interagere.com.br\/site\/wp-content\/uploads\/2021\/02\/ExSpINOVACAO-1024x1024.jpg 1024w, https:\/\/interagere.com.br\/site\/wp-content\/uploads\/2021\/02\/ExSpINOVACAO-300x300.jpg 300w, https:\/\/interagere.com.br\/site\/wp-content\/uploads\/2021\/02\/ExSpINOVACAO-150x150.jpg 150w, https:\/\/interagere.com.br\/site\/wp-content\/uploads\/2021\/02\/ExSpINOVACAO-768x768.jpg 768w, https:\/\/interagere.com.br\/site\/wp-content\/uploads\/2021\/02\/ExSpINOVACAO.jpg 1080w\" sizes=\"(max-width: 1024px) 100vw, 1024px\" \/><\/figure>\r\n\r\n\r\n\r\n<p class=\"has-medium-font-size\"><a href=\"http:\/\/www.excellencespecialist.com.br\" target=\"_blank\" rel=\"noreferrer noopener\">Saiba mais clicando aqui!<\/a><\/p>\r\n","protected":false},"excerpt":{"rendered":"<p>Genba, Gemba ou Guemba&#8230; &#8230;\u00c9 como no Lean Manufacturing, Manufatura Enxuta ou Sistema Toyota, denominamos ao:\u00a0Lugar onde as coisas acontecem! Em geral, uma empresa ou empreendimento: \u00b7\u00a0\u00a0\u00a0\u00a0\u00a0\u00a0transforma, \u00b7\u00a0\u00a0\u00a0\u00a0\u00a0\u00a0fabrica, \u00b7\u00a0\u00a0\u00a0\u00a0\u00a0\u00a0cria ou \u00b7\u00a0\u00a0\u00a0\u00a0\u00a0\u00a0produz itens,<a class=\"moretag\" href=\"https:\/\/interagere.com.br\/site\/tempo-planejado-para-melhorias-quanto-alocou-em-2020-e-2021\/\">Read More&#8230;<\/a><\/p>\n","protected":false},"author":2,"featured_media":1078,"comment_status":"closed","ping_status":"closed","sticky":false,"template":"","format":"standard","meta":{"_mo_disable_npp":"","footnotes":""},"categories":[10,12,9],"tags":[],"class_list":["post-1072","post","type-post","status-publish","format-standard","has-post-thumbnail","hentry","category-6-sigma","category-excelencia","category-lean"],"yoast_head":"<!-- This site is optimized with the Yoast SEO plugin v27.2 - https:\/\/yoast.com\/product\/yoast-seo-wordpress\/ -->\n<title>Tempo Planejado para Melhorias: Quanto alocou em 2020? E 2021? - INTERAGERE<\/title>\n<meta name=\"robots\" content=\"index, follow, max-snippet:-1, max-image-preview:large, max-video-preview:-1\" \/>\n<link rel=\"canonical\" href=\"https:\/\/interagere.com.br\/site\/tempo-planejado-para-melhorias-quanto-alocou-em-2020-e-2021\/\" \/>\n<meta property=\"og:locale\" content=\"pt_BR\" \/>\n<meta property=\"og:type\" content=\"article\" \/>\n<meta property=\"og:title\" content=\"Tempo Planejado para Melhorias: Quanto alocou em 2020? E 2021? - INTERAGERE\" \/>\n<meta property=\"og:description\" content=\"Genba, Gemba ou Guemba&#8230; &#8230;\u00c9 como no Lean Manufacturing, Manufatura Enxuta ou Sistema Toyota, denominamos ao:\u00a0Lugar onde as coisas acontecem! Em geral, uma empresa ou empreendimento: \u00b7\u00a0\u00a0\u00a0\u00a0\u00a0\u00a0transforma, \u00b7\u00a0\u00a0\u00a0\u00a0\u00a0\u00a0fabrica, \u00b7\u00a0\u00a0\u00a0\u00a0\u00a0\u00a0cria ou \u00b7\u00a0\u00a0\u00a0\u00a0\u00a0\u00a0produz itens,Read More...\" \/>\n<meta property=\"og:url\" content=\"https:\/\/interagere.com.br\/site\/tempo-planejado-para-melhorias-quanto-alocou-em-2020-e-2021\/\" \/>\n<meta property=\"og:site_name\" content=\"INTERAGERE\" \/>\n<meta property=\"article:published_time\" content=\"2021-02-11T18:05:44+00:00\" \/>\n<meta property=\"article:modified_time\" content=\"2021-11-09T19:21:19+00:00\" \/>\n<meta property=\"og:image\" content=\"https:\/\/interagere.com.br\/site\/wp-content\/uploads\/2021\/02\/Tmplte2021_MTATIMTTGMTSP.jpg\" \/>\n\t<meta property=\"og:image:width\" content=\"1280\" \/>\n\t<meta property=\"og:image:height\" content=\"720\" \/>\n\t<meta property=\"og:image:type\" content=\"image\/jpeg\" \/>\n<meta name=\"author\" content=\"Anderson Sa\" \/>\n<meta name=\"twitter:card\" content=\"summary_large_image\" \/>\n<meta name=\"twitter:label1\" content=\"Escrito por\" \/>\n\t<meta name=\"twitter:data1\" content=\"Anderson Sa\" \/>\n\t<meta name=\"twitter:label2\" content=\"Est. tempo de leitura\" \/>\n\t<meta name=\"twitter:data2\" content=\"3 minutos\" \/>\n<script type=\"application\/ld+json\" class=\"yoast-schema-graph\">{\"@context\":\"https:\/\/schema.org\",\"@graph\":[{\"@type\":\"Article\",\"@id\":\"https:\/\/interagere.com.br\/site\/tempo-planejado-para-melhorias-quanto-alocou-em-2020-e-2021\/#article\",\"isPartOf\":{\"@id\":\"https:\/\/interagere.com.br\/site\/tempo-planejado-para-melhorias-quanto-alocou-em-2020-e-2021\/\"},\"author\":{\"name\":\"Anderson Sa\",\"@id\":\"https:\/\/interagere.com.br\/site\/#\/schema\/person\/643441cf8e1f1d19bc3ca88596f9228e\"},\"headline\":\"Tempo Planejado para Melhorias: Quanto alocou em 2020? E 2021?\",\"datePublished\":\"2021-02-11T18:05:44+00:00\",\"dateModified\":\"2021-11-09T19:21:19+00:00\",\"mainEntityOfPage\":{\"@id\":\"https:\/\/interagere.com.br\/site\/tempo-planejado-para-melhorias-quanto-alocou-em-2020-e-2021\/\"},\"wordCount\":669,\"image\":{\"@id\":\"https:\/\/interagere.com.br\/site\/tempo-planejado-para-melhorias-quanto-alocou-em-2020-e-2021\/#primaryimage\"},\"thumbnailUrl\":\"https:\/\/interagere.com.br\/site\/wp-content\/uploads\/2021\/02\/Tmplte2021_MTATIMTTGMTSP.jpg\",\"articleSection\":[\"6 Sigma\",\"Excel\u00eancia\",\"Lean\"],\"inLanguage\":\"pt-BR\"},{\"@type\":\"WebPage\",\"@id\":\"https:\/\/interagere.com.br\/site\/tempo-planejado-para-melhorias-quanto-alocou-em-2020-e-2021\/\",\"url\":\"https:\/\/interagere.com.br\/site\/tempo-planejado-para-melhorias-quanto-alocou-em-2020-e-2021\/\",\"name\":\"Tempo Planejado para Melhorias: Quanto alocou em 2020? E 2021? - INTERAGERE\",\"isPartOf\":{\"@id\":\"https:\/\/interagere.com.br\/site\/#website\"},\"primaryImageOfPage\":{\"@id\":\"https:\/\/interagere.com.br\/site\/tempo-planejado-para-melhorias-quanto-alocou-em-2020-e-2021\/#primaryimage\"},\"image\":{\"@id\":\"https:\/\/interagere.com.br\/site\/tempo-planejado-para-melhorias-quanto-alocou-em-2020-e-2021\/#primaryimage\"},\"thumbnailUrl\":\"https:\/\/interagere.com.br\/site\/wp-content\/uploads\/2021\/02\/Tmplte2021_MTATIMTTGMTSP.jpg\",\"datePublished\":\"2021-02-11T18:05:44+00:00\",\"dateModified\":\"2021-11-09T19:21:19+00:00\",\"author\":{\"@id\":\"https:\/\/interagere.com.br\/site\/#\/schema\/person\/643441cf8e1f1d19bc3ca88596f9228e\"},\"breadcrumb\":{\"@id\":\"https:\/\/interagere.com.br\/site\/tempo-planejado-para-melhorias-quanto-alocou-em-2020-e-2021\/#breadcrumb\"},\"inLanguage\":\"pt-BR\",\"potentialAction\":[{\"@type\":\"ReadAction\",\"target\":[\"https:\/\/interagere.com.br\/site\/tempo-planejado-para-melhorias-quanto-alocou-em-2020-e-2021\/\"]}]},{\"@type\":\"ImageObject\",\"inLanguage\":\"pt-BR\",\"@id\":\"https:\/\/interagere.com.br\/site\/tempo-planejado-para-melhorias-quanto-alocou-em-2020-e-2021\/#primaryimage\",\"url\":\"https:\/\/interagere.com.br\/site\/wp-content\/uploads\/2021\/02\/Tmplte2021_MTATIMTTGMTSP.jpg\",\"contentUrl\":\"https:\/\/interagere.com.br\/site\/wp-content\/uploads\/2021\/02\/Tmplte2021_MTATIMTTGMTSP.jpg\",\"width\":1280,\"height\":720},{\"@type\":\"BreadcrumbList\",\"@id\":\"https:\/\/interagere.com.br\/site\/tempo-planejado-para-melhorias-quanto-alocou-em-2020-e-2021\/#breadcrumb\",\"itemListElement\":[{\"@type\":\"ListItem\",\"position\":1,\"name\":\"In\u00edcio\",\"item\":\"https:\/\/interagere.com.br\/site\/\"},{\"@type\":\"ListItem\",\"position\":2,\"name\":\"Tempo Planejado para Melhorias: Quanto alocou em 2020? E 2021?\"}]},{\"@type\":\"WebSite\",\"@id\":\"https:\/\/interagere.com.br\/site\/#website\",\"url\":\"https:\/\/interagere.com.br\/site\/\",\"name\":\"INTERAGERE\",\"description\":\"Seu Parceiro Premium de Excel\u00eancia - +55 (12) 4141.0123 - Assessoria e Treinamento em: Gest\u00e3o, Competitividade, Qualidade, Projetos, Lean, 6 Sigma, Inova\u00e7\u00e3o\",\"potentialAction\":[{\"@type\":\"SearchAction\",\"target\":{\"@type\":\"EntryPoint\",\"urlTemplate\":\"https:\/\/interagere.com.br\/site\/?s={search_term_string}\"},\"query-input\":{\"@type\":\"PropertyValueSpecification\",\"valueRequired\":true,\"valueName\":\"search_term_string\"}}],\"inLanguage\":\"pt-BR\"},{\"@type\":\"Person\",\"@id\":\"https:\/\/interagere.com.br\/site\/#\/schema\/person\/643441cf8e1f1d19bc3ca88596f9228e\",\"name\":\"Anderson Sa\",\"image\":{\"@type\":\"ImageObject\",\"inLanguage\":\"pt-BR\",\"@id\":\"https:\/\/secure.gravatar.com\/avatar\/beb780ed6ffec8eea086811954831aae0c32478d2709e5a91fa98b0f3aabd52b?s=96&d=mm&r=g\",\"url\":\"https:\/\/secure.gravatar.com\/avatar\/beb780ed6ffec8eea086811954831aae0c32478d2709e5a91fa98b0f3aabd52b?s=96&d=mm&r=g\",\"contentUrl\":\"https:\/\/secure.gravatar.com\/avatar\/beb780ed6ffec8eea086811954831aae0c32478d2709e5a91fa98b0f3aabd52b?s=96&d=mm&r=g\",\"caption\":\"Anderson Sa\"},\"url\":\"https:\/\/interagere.com.br\/site\/author\/anderson\/\"}]}<\/script>\n<!-- \/ Yoast SEO plugin. -->","yoast_head_json":{"title":"Tempo Planejado para Melhorias: Quanto alocou em 2020? E 2021? - INTERAGERE","robots":{"index":"index","follow":"follow","max-snippet":"max-snippet:-1","max-image-preview":"max-image-preview:large","max-video-preview":"max-video-preview:-1"},"canonical":"https:\/\/interagere.com.br\/site\/tempo-planejado-para-melhorias-quanto-alocou-em-2020-e-2021\/","og_locale":"pt_BR","og_type":"article","og_title":"Tempo Planejado para Melhorias: Quanto alocou em 2020? E 2021? - INTERAGERE","og_description":"Genba, Gemba ou Guemba&#8230; &#8230;\u00c9 como no Lean Manufacturing, Manufatura Enxuta ou Sistema Toyota, denominamos ao:\u00a0Lugar onde as coisas acontecem! Em geral, uma empresa ou empreendimento: \u00b7\u00a0\u00a0\u00a0\u00a0\u00a0\u00a0transforma, \u00b7\u00a0\u00a0\u00a0\u00a0\u00a0\u00a0fabrica, \u00b7\u00a0\u00a0\u00a0\u00a0\u00a0\u00a0cria ou \u00b7\u00a0\u00a0\u00a0\u00a0\u00a0\u00a0produz itens,Read More...","og_url":"https:\/\/interagere.com.br\/site\/tempo-planejado-para-melhorias-quanto-alocou-em-2020-e-2021\/","og_site_name":"INTERAGERE","article_published_time":"2021-02-11T18:05:44+00:00","article_modified_time":"2021-11-09T19:21:19+00:00","og_image":[{"width":1280,"height":720,"url":"https:\/\/interagere.com.br\/site\/wp-content\/uploads\/2021\/02\/Tmplte2021_MTATIMTTGMTSP.jpg","type":"image\/jpeg"}],"author":"Anderson Sa","twitter_card":"summary_large_image","twitter_misc":{"Escrito por":"Anderson Sa","Est. tempo de leitura":"3 minutos"},"schema":{"@context":"https:\/\/schema.org","@graph":[{"@type":"Article","@id":"https:\/\/interagere.com.br\/site\/tempo-planejado-para-melhorias-quanto-alocou-em-2020-e-2021\/#article","isPartOf":{"@id":"https:\/\/interagere.com.br\/site\/tempo-planejado-para-melhorias-quanto-alocou-em-2020-e-2021\/"},"author":{"name":"Anderson Sa","@id":"https:\/\/interagere.com.br\/site\/#\/schema\/person\/643441cf8e1f1d19bc3ca88596f9228e"},"headline":"Tempo Planejado para Melhorias: Quanto alocou em 2020? E 2021?","datePublished":"2021-02-11T18:05:44+00:00","dateModified":"2021-11-09T19:21:19+00:00","mainEntityOfPage":{"@id":"https:\/\/interagere.com.br\/site\/tempo-planejado-para-melhorias-quanto-alocou-em-2020-e-2021\/"},"wordCount":669,"image":{"@id":"https:\/\/interagere.com.br\/site\/tempo-planejado-para-melhorias-quanto-alocou-em-2020-e-2021\/#primaryimage"},"thumbnailUrl":"https:\/\/interagere.com.br\/site\/wp-content\/uploads\/2021\/02\/Tmplte2021_MTATIMTTGMTSP.jpg","articleSection":["6 Sigma","Excel\u00eancia","Lean"],"inLanguage":"pt-BR"},{"@type":"WebPage","@id":"https:\/\/interagere.com.br\/site\/tempo-planejado-para-melhorias-quanto-alocou-em-2020-e-2021\/","url":"https:\/\/interagere.com.br\/site\/tempo-planejado-para-melhorias-quanto-alocou-em-2020-e-2021\/","name":"Tempo Planejado para Melhorias: Quanto alocou em 2020? E 2021? - INTERAGERE","isPartOf":{"@id":"https:\/\/interagere.com.br\/site\/#website"},"primaryImageOfPage":{"@id":"https:\/\/interagere.com.br\/site\/tempo-planejado-para-melhorias-quanto-alocou-em-2020-e-2021\/#primaryimage"},"image":{"@id":"https:\/\/interagere.com.br\/site\/tempo-planejado-para-melhorias-quanto-alocou-em-2020-e-2021\/#primaryimage"},"thumbnailUrl":"https:\/\/interagere.com.br\/site\/wp-content\/uploads\/2021\/02\/Tmplte2021_MTATIMTTGMTSP.jpg","datePublished":"2021-02-11T18:05:44+00:00","dateModified":"2021-11-09T19:21:19+00:00","author":{"@id":"https:\/\/interagere.com.br\/site\/#\/schema\/person\/643441cf8e1f1d19bc3ca88596f9228e"},"breadcrumb":{"@id":"https:\/\/interagere.com.br\/site\/tempo-planejado-para-melhorias-quanto-alocou-em-2020-e-2021\/#breadcrumb"},"inLanguage":"pt-BR","potentialAction":[{"@type":"ReadAction","target":["https:\/\/interagere.com.br\/site\/tempo-planejado-para-melhorias-quanto-alocou-em-2020-e-2021\/"]}]},{"@type":"ImageObject","inLanguage":"pt-BR","@id":"https:\/\/interagere.com.br\/site\/tempo-planejado-para-melhorias-quanto-alocou-em-2020-e-2021\/#primaryimage","url":"https:\/\/interagere.com.br\/site\/wp-content\/uploads\/2021\/02\/Tmplte2021_MTATIMTTGMTSP.jpg","contentUrl":"https:\/\/interagere.com.br\/site\/wp-content\/uploads\/2021\/02\/Tmplte2021_MTATIMTTGMTSP.jpg","width":1280,"height":720},{"@type":"BreadcrumbList","@id":"https:\/\/interagere.com.br\/site\/tempo-planejado-para-melhorias-quanto-alocou-em-2020-e-2021\/#breadcrumb","itemListElement":[{"@type":"ListItem","position":1,"name":"In\u00edcio","item":"https:\/\/interagere.com.br\/site\/"},{"@type":"ListItem","position":2,"name":"Tempo Planejado para Melhorias: Quanto alocou em 2020? E 2021?"}]},{"@type":"WebSite","@id":"https:\/\/interagere.com.br\/site\/#website","url":"https:\/\/interagere.com.br\/site\/","name":"INTERAGERE","description":"Seu Parceiro Premium de Excel\u00eancia - +55 (12) 4141.0123 - Assessoria e Treinamento em: Gest\u00e3o, Competitividade, Qualidade, Projetos, Lean, 6 Sigma, Inova\u00e7\u00e3o","potentialAction":[{"@type":"SearchAction","target":{"@type":"EntryPoint","urlTemplate":"https:\/\/interagere.com.br\/site\/?s={search_term_string}"},"query-input":{"@type":"PropertyValueSpecification","valueRequired":true,"valueName":"search_term_string"}}],"inLanguage":"pt-BR"},{"@type":"Person","@id":"https:\/\/interagere.com.br\/site\/#\/schema\/person\/643441cf8e1f1d19bc3ca88596f9228e","name":"Anderson Sa","image":{"@type":"ImageObject","inLanguage":"pt-BR","@id":"https:\/\/secure.gravatar.com\/avatar\/beb780ed6ffec8eea086811954831aae0c32478d2709e5a91fa98b0f3aabd52b?s=96&d=mm&r=g","url":"https:\/\/secure.gravatar.com\/avatar\/beb780ed6ffec8eea086811954831aae0c32478d2709e5a91fa98b0f3aabd52b?s=96&d=mm&r=g","contentUrl":"https:\/\/secure.gravatar.com\/avatar\/beb780ed6ffec8eea086811954831aae0c32478d2709e5a91fa98b0f3aabd52b?s=96&d=mm&r=g","caption":"Anderson Sa"},"url":"https:\/\/interagere.com.br\/site\/author\/anderson\/"}]}},"_links":{"self":[{"href":"https:\/\/interagere.com.br\/site\/wp-json\/wp\/v2\/posts\/1072","targetHints":{"allow":["GET"]}}],"collection":[{"href":"https:\/\/interagere.com.br\/site\/wp-json\/wp\/v2\/posts"}],"about":[{"href":"https:\/\/interagere.com.br\/site\/wp-json\/wp\/v2\/types\/post"}],"author":[{"embeddable":true,"href":"https:\/\/interagere.com.br\/site\/wp-json\/wp\/v2\/users\/2"}],"replies":[{"embeddable":true,"href":"https:\/\/interagere.com.br\/site\/wp-json\/wp\/v2\/comments?post=1072"}],"version-history":[{"count":9,"href":"https:\/\/interagere.com.br\/site\/wp-json\/wp\/v2\/posts\/1072\/revisions"}],"predecessor-version":[{"id":1163,"href":"https:\/\/interagere.com.br\/site\/wp-json\/wp\/v2\/posts\/1072\/revisions\/1163"}],"wp:featuredmedia":[{"embeddable":true,"href":"https:\/\/interagere.com.br\/site\/wp-json\/wp\/v2\/media\/1078"}],"wp:attachment":[{"href":"https:\/\/interagere.com.br\/site\/wp-json\/wp\/v2\/media?parent=1072"}],"wp:term":[{"taxonomy":"category","embeddable":true,"href":"https:\/\/interagere.com.br\/site\/wp-json\/wp\/v2\/categories?post=1072"},{"taxonomy":"post_tag","embeddable":true,"href":"https:\/\/interagere.com.br\/site\/wp-json\/wp\/v2\/tags?post=1072"}],"curies":[{"name":"wp","href":"https:\/\/api.w.org\/{rel}","templated":true}]}}